{"id":294336,"date":"2025-08-03T20:53:13","date_gmt":"2025-08-03T20:53:13","guid":{"rendered":"https:\/\/www.europesays.com\/fr\/294336\/"},"modified":"2025-08-03T20:53:13","modified_gmt":"2025-08-03T20:53:13","slug":"il-sera-lentraineur-de-lannee-en-euroleague-le-president-du-paris-basketball-ne-tarit-pas-deloges-sur-francesco-tabellini","status":"publish","type":"post","link":"https:\/\/www.europesays.com\/fr\/294336\/","title":{"rendered":"\u00ab\u00a0Il sera l&rsquo;entra\u00eeneur de l&rsquo;ann\u00e9e en EuroLeague\u00a0\u00bb &#8211; Le pr\u00e9sident du Paris Basketball ne tarit pas d&rsquo;\u00e9loges sur Francesco Tabellini"},"content":{"rendered":"<p>Le <a target=\"_blank\" rel=\"noopener nofollow\" href=\"https:\/\/www.bebasket.fr\/equipe\/paris-basketball\">Paris Basketball<\/a> va entamer une nouvelle \u00e8re de sa r\u00e9cente histoire avec <strong>Francesco Tabellini<\/strong> \u00e0 sa t\u00eate comme entra\u00eeneur. Le technicien italien a la lourde t\u00e2che de reprendre le flambeau parisien apr\u00e8s le doubl\u00e9 Championnat \u2013 Coupe, ainsi qu\u2019une participation aux playoffs de l\u2019<a target=\"_blank\" rel=\"noopener nofollow\" href=\"https:\/\/www.bebasket.fr\/ligue\/euroleague\">EuroLeague<\/a>. D\u2019autant qu\u2019il s\u2019agira de sa premi\u00e8re exp\u00e9rience \u00e0 ce niveau europ\u00e9en, lui qui a entra\u00een\u00e9 Nymburk en R\u00e9publique tch\u00e8que ces trois derni\u00e8res saisons.<\/p>\n<p><strong>David Kahn \u00ab\u00a0croit fermement\u00a0\u00bb en Francesco Tabellini<\/strong><\/p>\n<p>Malgr\u00e9 un statut qui n\u2019est pas celui des plus grands entra\u00eeneurs de l\u2019EuroLeague, son pr\u00e9sident <strong><a href=\"https:\/\/www.bebasket.fr\/david-kahn-heureux-de-ses-sept-saisons-a-paris-on-a-cree-quelque-chose-qui-est-plus-quun-club\" rel=\"nofollow noopener\" target=\"_blank\">D<\/a><a href=\"https:\/\/www.bebasket.fr\/david-kahn-heureux-de-ses-sept-saisons-a-paris-on-a-cree-quelque-chose-qui-est-plus-quun-club\" rel=\"nofollow noopener\" target=\"_blank\">avid Kahn<\/a><\/strong> croit en tout cas fermement en ses capacit\u00e9s de continuer \u00e0 hisser son \u00e9quipe vers le haut. Dans une interview au <a href=\"https:\/\/www.leparisien.fr\/sports\/basket\/de-quoi-devrais-je-avoir-peur-david-kahn-patron-du-paris-basketball-confiant-a-lheure-de-la-confirmation-02-08-2025-7OJ3F2ROKVFW3DBMLNOI6FTZWA.php?ref=basketeurope.com\" rel=\"nofollow noopener\" target=\"_blank\">Parisien<\/a>, le dirigeant am\u00e9ricain a confi\u00e9 toute la confiance qu\u2019il accorde \u00e0 son nouvel entra\u00eeneur : \u00ab\u00a0James Newman, notre directeur g\u00e9n\u00e9ral, a identifi\u00e9 Francesco comme quelqu\u2019un que nous devions surveiller comme il l\u2019avait fait avec ses pr\u00e9d\u00e9cesseurs. Maintenant que je le connais, je crois fortement en lui.\u00a0\u00bb<\/p>\n<p>C\u2019est avec un effectif largement chamboul\u00e9 (dizaine de d\u00e9parts, autant d\u2019arriv\u00e9es), emmen\u00e9 par Nadir Hifi, que le nouvel entra\u00eeneur parisien va devoir composer et imprimer sa patte. Avant lui, Tiago Splitter avait parfaitement su prendre la rel\u00e8ve de Tuomas Iisalo, l\u2019homme des premiers titres parisiens. Reprenant certains principes de jeu du Finlandais, le nouvel assistant des Trail Blazers de Portland avait ainsi surf\u00e9 sur la vague de succ\u00e8s \u00e0 l\u2019Adidas Arena. Dans la m\u00eame optique de pr\u00f4ner un jeu rapide mais avec un effectif bien plus largement remani\u00e9, Francesco Tabellini tentera de faire de m\u00eame. Son pr\u00e9sident est en tout cas persuad\u00e9 de sa future r\u00e9ussite.<\/p>\n<blockquote class=\"big\">\n<p>\u00ab Je suis tr\u00e8s confiant car il r\u00e9ussira. Je n\u2019ai aucun doute. Il sera l\u2019entra\u00eeneur de l\u2019ann\u00e9e de l\u2019Euroleague. Je suis aussi tr\u00e8s excit\u00e9 par l\u2019\u00e9quipe que nous mettons en place. \u00bb<\/p>\n<p>David Kahn \u00e0 propos de son entra\u00eeneur, Francesco Tabellini<\/p>\n<\/blockquote>\n<p>Avec son statut de champion de France en titre, le Paris Basketball sera en tout cas la cible \u00e0 abattre en Betclic ELITE. Il ne disposera \u00e9galement plus de l\u2019\u00e9tiquette de rookie en EuroLeague, avec un effet de surprise d\u00e9sormais estomp\u00e9. Francesco Tabellini a ainsi un beau d\u00e9fi \u00e0 relever devant lui.<\/p>\n<p>LIRE AUSSI<\/p>\n<p><a href=\"https:\/\/www.bebasket.fr\/itw-nadir-hifi-entre-role-reduit-en-bleu-et-majeur-a-paris-le-depart-de-t-j-shorts-mouvre-beaucoup-de-portes\" rel=\"nofollow noopener\" target=\"_blank\"> <img decoding=\"async\" src=\"https:\/\/www.europesays.com\/fr\/wp-content\/uploads\/2025\/08\/dsc08401-scaled-1f06ee38-0d2f-66d0-8518-f9d44e10dc59.jpg\" alt=\"\"\/> <\/a><\/p>\n<blockquote class=\"normal\"><p>\n<strong>L\u2019effectif du Paris Basketball pour la saison 2025-2026 :<\/strong><\/p>\n<ul>\n<li style=\"text-align:left\"><strong>Meneurs :<\/strong>\u00a0Justin Robinson, un deuxi\u00e8me meneur et Ilian Moungala<\/li>\n<li style=\"text-align:left\"><strong>Arri\u00e8res :<\/strong>\u00a0Nadir Hifi, Jo\u00ebl Ayayi et Sebastian Herrara<\/li>\n<li style=\"text-align:left\"><strong>Ailiers :<\/strong>\u00a0Lamar Stevens, Jeremy Morgan et Yakuba Ouattara<\/li>\n<li style=\"text-align:left\"><strong>Ailier-forts :<\/strong>\u00a0Daulton Hommes, Amath Mbaye, Derek Willis, Allan Dokossi et L\u00e9opold Cavali\u00e8re<\/li>\n<li style=\"text-align:left\"><strong>Pivots :<\/strong>\u00a0Isma\u00ebl Bako, Mohamed Faye et Enzo Shahrvin<\/li>\n<\/ul>\n<\/blockquote>\n","protected":false},"excerpt":{"rendered":"Le Paris Basketball va entamer une nouvelle \u00e8re de sa r\u00e9cente histoire avec Francesco Tabellini \u00e0 sa t\u00eate&hellip;\n","protected":false},"author":2,"featured_media":294337,"comment_status":"","ping_status":"","sticky":false,"template":"","format":"standard","meta":{"footnotes":""},"categories":[1888],"tags":[1111,1928,11,1927,1777,674,1011,27,12,1926,626,1925,25],"class_list":{"0":"post-294336","1":"post","2":"type-post","3":"status-publish","4":"format-standard","5":"has-post-thumbnail","7":"category-paris","8":"tag-actu","9":"tag-actu-paris","10":"tag-actualites","11":"tag-actualites-paris","12":"tag-eu","13":"tag-europe","14":"tag-fr","15":"tag-france","16":"tag-news","17":"tag-news-paris","18":"tag-paris","19":"tag-paris-news","20":"tag-republique-francaise"},"share_on_mastodon":{"url":"https:\/\/pubeurope.com\/@fr\/114966823235771393","error":""},"_links":{"self":[{"href":"https:\/\/www.europesays.com\/fr\/wp-json\/wp\/v2\/posts\/294336","targetHints":{"allow":["GET"]}}],"collection":[{"href":"https:\/\/www.europesays.com\/fr\/wp-json\/wp\/v2\/posts"}],"about":[{"href":"https:\/\/www.europesays.com\/fr\/wp-json\/wp\/v2\/types\/post"}],"author":[{"embeddable":true,"href":"https:\/\/www.europesays.com\/fr\/wp-json\/wp\/v2\/users\/2"}],"replies":[{"embeddable":true,"href":"https:\/\/www.europesays.com\/fr\/wp-json\/wp\/v2\/comments?post=294336"}],"version-history":[{"count":0,"href":"https:\/\/www.europesays.com\/fr\/wp-json\/wp\/v2\/posts\/294336\/revisions"}],"wp:featuredmedia":[{"embeddable":true,"href":"https:\/\/www.europesays.com\/fr\/wp-json\/wp\/v2\/media\/294337"}],"wp:attachment":[{"href":"https:\/\/www.europesays.com\/fr\/wp-json\/wp\/v2\/media?parent=294336"}],"wp:term":[{"taxonomy":"category","embeddable":true,"href":"https:\/\/www.europesays.com\/fr\/wp-json\/wp\/v2\/categories?post=294336"},{"taxonomy":"post_tag","embeddable":true,"href":"https:\/\/www.europesays.com\/fr\/wp-json\/wp\/v2\/tags?post=294336"}],"curies":[{"name":"wp","href":"https:\/\/api.w.org\/{rel}","templated":true}]}}