{"id":294343,"date":"2025-08-03T20:57:14","date_gmt":"2025-08-03T20:57:14","guid":{"rendered":"https:\/\/www.europesays.com\/fr\/294343\/"},"modified":"2025-08-03T20:57:14","modified_gmt":"2025-08-03T20:57:14","slug":"un-echange-de-prisonniers-se-precise-et-coup-denvoi-dexercices-conjoints-entre-moscou-et-pekin","status":"publish","type":"post","link":"https:\/\/www.europesays.com\/fr\/294343\/","title":{"rendered":"Un \u00e9change de prisonniers se pr\u00e9cise et coup d\u2019envoi d\u2019exercices conjoints entre Moscou et P\u00e9kin"},"content":{"rendered":"<p><strong>R\u00e9cap &#8211; \u00ab\u00a020 Minutes\u00a0\u00bb fait le point pour vous tous les soirs sur le conflit. Ce dimanche, une attaque de drone ukrainien d\u00e9clenche un incendie en Russie, un \u00e9change de prisonniers est en pr\u00e9paration et Moscou commence des exercices navals avec la Chine<\/strong><\/p>\n<p>Vous avez rat\u00e9 les derniers \u00e9v\u00e9nements sur la <a href=\"https:\/\/www.20minutes.fr\/monde\/ukraine\/?at_medium=RSS%20feed&amp;at_campaign=ynews&amp;utm_source=yahoo&amp;utm_medium=rss&amp;utm_campaign=news_feed&amp;utm_content=in_article_link\" rel=\"nofollow noopener\" target=\"_blank\" data-ylk=\"slk:guerre en Ukraine\u00a0;elm:context_link;itc:0;sec:content-canvas\" class=\"link \">guerre en Ukraine\u00a0<\/a>? <a href=\"https:\/\/www.20minutes.fr\/?at_medium=RSS%20feed&amp;at_campaign=ynews&amp;utm_source=yahoo&amp;utm_medium=rss&amp;utm_campaign=news_feed&amp;utm_content=in_article_link\" rel=\"nofollow noopener\" target=\"_blank\" data-ylk=\"slk:20 Minutes;elm:context_link;itc:0;sec:content-canvas\" class=\"link \">20 Minutes<\/a> fait le point pour vous tous les soirs. Voici l\u2019essentiel de ce dimanche 3\u00a0ao\u00fbt, au 1.257e jour du conflit.<\/p>\n<p>Le fait du jour<\/p>\n<p>Une attaque de drones ukrainiens a provoqu\u00e9 un <a href=\"https:\/\/www.20minutes.fr\/dossier\/incendie?at_medium=RSS%20feed&amp;at_campaign=ynews&amp;utm_source=yahoo&amp;utm_medium=rss&amp;utm_campaign=news_feed&amp;utm_content=in_article_link\" rel=\"nofollow noopener\" target=\"_blank\" data-ylk=\"slk:incendie;elm:context_link;itc:0;sec:content-canvas\" class=\"link \">incendie <\/a>dans un d\u00e9p\u00f4t p\u00e9trolier de Sotchi, ont indiqu\u00e9 les autorit\u00e9s locales ce dimanche. La cit\u00e9 baln\u00e9aire, situ\u00e9e au sud-ouest de la <a href=\"https:\/\/www.20minutes.fr\/monde\/russie\/?at_medium=RSS%20feed&amp;at_campaign=ynews&amp;utm_source=yahoo&amp;utm_medium=rss&amp;utm_campaign=news_feed&amp;utm_content=in_article_link\" rel=\"nofollow noopener\" target=\"_blank\" data-ylk=\"slk:Russie;elm:context_link;itc:0;sec:content-canvas\" class=\"link \">Russie<\/a>, est connue pour avoir accueilli les <a href=\"https:\/\/www.20minutes.fr\/dossier\/sotchi_2014?at_medium=RSS%20feed&amp;at_campaign=ynews&amp;utm_source=yahoo&amp;utm_medium=rss&amp;utm_campaign=news_feed&amp;utm_content=in_article_link\" rel=\"nofollow noopener\" target=\"_blank\" data-ylk=\"slk:Jeux olympiques de\u00a02014;elm:context_link;itc:0;sec:content-canvas\" class=\"link \">Jeux olympiques de\u00a02014<\/a>.<\/p>\n<p>Les d\u00e9bris d\u2019un drone, qui ont bless\u00e9 une femme sans mettre sa vie en danger selon les autorit\u00e9s r\u00e9gionales, ont touch\u00e9 un \u00ab\u00a0r\u00e9servoir de produits p\u00e9troliers, ce qui a provoqu\u00e9 un incendie\u00a0\u00bb, a indiqu\u00e9 sur Telegram le gouverneur de la r\u00e9gion de Krasnodar, V\u00e9niamine Kondratiev. Le feu est \u00e9teint, a affirm\u00e9 en fin d\u2019apr\u00e8s-midi le maire de Sotchi, Andre\u00ef Prochounine.<\/p>\n<p>L\u2019Ukraine avait pr\u00e9venu qu\u2019elle intensifierait ses frappes en Russie en r\u00e9ponse \u00e0 la multiplication, ces derni\u00e8res semaines, des attaques russes contre son territoire, qui ont provoqu\u00e9 la mort de dizaines de civils. Le pays frappe r\u00e9guli\u00e8rement les infrastructures p\u00e9troli\u00e8res et gazi\u00e8res russes.<\/p>\n<p>Le chiffre du jour<\/p>\n<p>1.200. C\u2019est le nombre de prisonniers qui doivent \u00eatre prochainement \u00e9chang\u00e9s entre la Russie et l\u2019Ukraine. Le pr\u00e9sident ukrainien Volodymyr Zelensky a annonc\u00e9 ce dimanche sur ses r\u00e9seaux sociaux qu\u2019une liste de noms \u00e9tait \u00ab\u00a0en cours d\u2019\u00e9laboration\u00a0\u00bb et que le secr\u00e9taire du conseil de s\u00e9curit\u00e9 nationale et de d\u00e9fense, Rustem Umerov, avait \u00ab\u00a0rendu compte d\u2019une c(&#8230;)<\/p>\n<p><a href=\"https:\/\/www.20minutes.fr\/monde\/ukraine\/4166457-20250803-guerre-ukraine-echange-prisonniers-precise-coup-envoi-exercices-conjoints-entre-moscou-pekin?at_medium=RSS%20feed&amp;at_campaign=ynews&amp;utm_source=yahoo&amp;utm_medium=rss&amp;utm_campaign=news_feed&amp;utm_content=read_more_link&quot;\" rel=\"nofollow noopener\" target=\"_blank\" data-ylk=\"slk:Lire la suite sur 20minutes;elm:context_link;itc:0;sec:content-canvas\" class=\"link \">Lire la suite sur 20minutes<\/a><\/p>\n<p>\u00c0 lire aussi :<br \/><a href=\"https:\/\/www.20minutes.fr\/monde\/ukraine\/4166413-20250802-ukraine-arrestations-affaire-corruption-visant-secteur-defense-parlementaire-implique?at_medium=RSS%20feed&amp;at_campaign=ynews&amp;utm_source=yahoo&amp;utm_medium=rss&amp;utm_campaign=news_feed&amp;utm_content=related_content_link\" rel=\"nofollow noopener\" target=\"_blank\" data-ylk=\"slk:Ukraine\u00a0: Arrestations dans une affaire de corruption visant le secteur de la d\u00e9fense, un parlementaire impliqu\u00e9;elm:context_link;itc:0;sec:content-canvas\" class=\"link \">Ukraine\u00a0: Arrestations dans une affaire de corruption visant le secteur de la d\u00e9fense, un parlementaire impliqu\u00e9<\/a><br \/><a href=\"https:\/\/www.20minutes.fr\/monde\/russie\/4166330-20250801-provocation-drone-presume-russe-retrouve-terrain-militaire-lituanie?at_medium=RSS%20feed&amp;at_campaign=ynews&amp;utm_source=yahoo&amp;utm_medium=rss&amp;utm_campaign=news_feed&amp;utm_content=related_content_link\" rel=\"nofollow noopener\" target=\"_blank\" data-ylk=\"slk:\u00ab\u00a0Une provocation\u00a0\u00bb\u00a0: Un drone pr\u00e9sum\u00e9 russe a \u00e9t\u00e9 retrouv\u00e9 sur un terrain militaire en Lituanie;elm:context_link;itc:0;sec:content-canvas\" class=\"link \">\u00ab\u00a0Une provocation\u00a0\u00bb\u00a0: Un drone pr\u00e9sum\u00e9 russe a \u00e9t\u00e9 retrouv\u00e9 sur un terrain militaire en Lituanie<\/a><\/p>\n","protected":false},"excerpt":{"rendered":"R\u00e9cap &#8211; \u00ab\u00a020 Minutes\u00a0\u00bb fait le point pour vous tous les soirs sur le conflit. Ce dimanche, une&hellip;\n","protected":false},"author":2,"featured_media":294344,"comment_status":"","ping_status":"","sticky":false,"template":"","format":"standard","meta":{"footnotes":""},"categories":[1590],"tags":[642,11,20825,1777,674,12,220],"class_list":{"0":"post-294343","1":"post","2":"type-post","3":"status-publish","4":"format-standard","5":"has-post-thumbnail","7":"category-ukraine","8":"tag-20-minutes","9":"tag-actualites","10":"tag-echange-de-prisonniers","11":"tag-eu","12":"tag-europe","13":"tag-news","14":"tag-ukraine"},"share_on_mastodon":{"url":"https:\/\/pubeurope.com\/@fr\/114966838916124404","error":""},"_links":{"self":[{"href":"https:\/\/www.europesays.com\/fr\/wp-json\/wp\/v2\/posts\/294343","targetHints":{"allow":["GET"]}}],"collection":[{"href":"https:\/\/www.europesays.com\/fr\/wp-json\/wp\/v2\/posts"}],"about":[{"href":"https:\/\/www.europesays.com\/fr\/wp-json\/wp\/v2\/types\/post"}],"author":[{"embeddable":true,"href":"https:\/\/www.europesays.com\/fr\/wp-json\/wp\/v2\/users\/2"}],"replies":[{"embeddable":true,"href":"https:\/\/www.europesays.com\/fr\/wp-json\/wp\/v2\/comments?post=294343"}],"version-history":[{"count":0,"href":"https:\/\/www.europesays.com\/fr\/wp-json\/wp\/v2\/posts\/294343\/revisions"}],"wp:featuredmedia":[{"embeddable":true,"href":"https:\/\/www.europesays.com\/fr\/wp-json\/wp\/v2\/media\/294344"}],"wp:attachment":[{"href":"https:\/\/www.europesays.com\/fr\/wp-json\/wp\/v2\/media?parent=294343"}],"wp:term":[{"taxonomy":"category","embeddable":true,"href":"https:\/\/www.europesays.com\/fr\/wp-json\/wp\/v2\/categories?post=294343"},{"taxonomy":"post_tag","embeddable":true,"href":"https:\/\/www.europesays.com\/fr\/wp-json\/wp\/v2\/tags?post=294343"}],"curies":[{"name":"wp","href":"https:\/\/api.w.org\/{rel}","templated":true}]}}