{"id":294345,"date":"2025-08-03T20:58:14","date_gmt":"2025-08-03T20:58:14","guid":{"rendered":"https:\/\/www.europesays.com\/fr\/294345\/"},"modified":"2025-08-03T20:58:14","modified_gmt":"2025-08-03T20:58:14","slug":"donald-trump-peut-il-obtenir-le-prix-nobel-de-la-paix","status":"publish","type":"post","link":"https:\/\/www.europesays.com\/fr\/294345\/","title":{"rendered":"Donald Trump peut-il obtenir le prix Nobel de la paix ?"},"content":{"rendered":"<p>            lire plus tard<\/p>\n<p id=\"dialog__title\" class=\"dialog__title\">Pour sauvegarder cet article, connectez-vous ou cr\u00e9ez un compte franceinfo<\/p>\n<p class=\"dialog__description\">Sans paiement. Sans abonnement.<\/p>\n<p>        Fermer la fen\u00eatre d\u2019activation des notifications France Info<\/p>\n<p>            cr\u00e9er votre compte<\/p>\n<p>            se connecter<\/p>\n<p>        Fermer la fen\u00eatre de pr\u00e9sentation<\/p>\n<p>    Publi\u00e9 le 03\/08\/2025 21:14<\/p>\n<p>        Temps de lecture : 2min &#8211; vid\u00e9o : 2min<\/p>\n<p>    <img decoding=\"async\" class=\"francetv-player-wrapper__image\" alt=\"\u00c9tats-Unis : Donald Trump peut-il obtenir le prix Nobel de la paix ?\"  width=\"432\" height=\"243\" src=\"https:\/\/www.europesays.com\/fr\/wp-content\/uploads\/2025\/08\/video-25-688fb2a947d22922714246.jpg\" fetchpriority=\"high\"\/><\/p>\n<p>              \u00c9tats-Unis : Donald Trump peut-il obtenir le prix Nobel de la paix ?<br \/>\n                    (France 2)<\/p>\n<p>      2min<\/p>\n<p>\n  Il n\u2019a toujours pas obtenu les cessez-le-feu qu\u2019il avait promis, ce qui n\u2019emp\u00eache pas Donald Trump d\u2019afficher son ambition de recevoir son prix Nobel de la paix. Un objectif qui serait m\u00eame devenu une obsession pour le pr\u00e9sident des \u00c9tats-Unis.\n<\/p>\n<p><strong>Ce texte correspond \u00e0 une partie de la retranscription du reportage ci-dessus. Cliquez sur la vid\u00e9o pour la regarder dans son int\u00e9gralit\u00e9.<\/strong><\/p>\n<p><a href=\"https:\/\/www.franceinfo.fr\/monde\/usa\/presidentielle\/donald-trump\/\" rel=\"nofollow noopener\" target=\"_blank\">Donald Trump<\/a>, 47e pr\u00e9sident des \u00c9tats-Unis, a une obsession : recevoir le prix Nobel de la paix. Il en r\u00eave, en parle en permanence et jubile d\u00e8s qu\u2019on lui pose une question \u00e0 ce sujet. \u00ab\u00a0J\u2019aurais d\u00e9j\u00e0 d\u00fb l\u2019avoir trois ou quatre fois, mais il ne le donne qu\u2019\u00e0 des gens de gauche\u00a0\u00bb, lance-t-il. Le locataire de la Maison-Blanche fait campagne pour lui-m\u00eame, avec la mise \u00e0 contribution, par exemple, cette semaine, de sa porte-parole.<\/p>\n<p>\u00ab\u00a0Le pr\u00e9sident a arr\u00eat\u00e9 le conflit entre la Tha\u00eflande et le Cambodge, entre Isra\u00ebl et l\u2019Iran, entre le Rwanda et la R\u00e9publique d\u00e9mocratique du Congo, l\u2019Inde et le Pakistan, la Serbie et le Kosovo, et l\u2019\u00c9gypte et l\u2019\u00c9thiopie. Il est grand temps que le pr\u00e9sident Trump re\u00e7oive le prix Nobel\u00a0\u00bb, d\u00e9clare Karoline Leavitt, porte-parole de la Maison-Blanche.<\/p>\n<p>Donald Trump est tr\u00e8s satisfait, quand une journaliste demande \u00e0 des pr\u00e9sidents africains s\u2019ils proposeront sa nomination pour la supr\u00eame r\u00e9compense. \u00ab\u00a0J\u2019appr\u00e9cie la question, c\u2019est tr\u00e8s gentil. Vous voulez r\u00e9pondre rapidement ?\u00a0\u00bb r\u00e9pond Donald Trump. \u00ab\u00a0Je pense qu\u2019il le m\u00e9rite, ce prix Nobel\u00a0\u00bb, estime Brice Clotaire Oligui Nguema, pr\u00e9sident du Gabon. \u00ab\u00a0Je ne pensais pas \u00eatre trait\u00e9 aussi bien. C\u2019est tr\u00e8s bien. Je pourrais faire \u00e7a toute la journ\u00e9e\u00a0\u00bb, poursuit Donald Trump.<\/p>\n<p><a href=\"https:\/\/www.franceinfo.fr\/societe\/justice\/une-enquete-ouverte-sur-un-potentiel-contrat-d-assassinat-visant-olivier-pardo-l-avocat-de-benjamin-netanyahu-et-rachida-dati_7407751.html\" rel=\"nofollow noopener\" target=\"_blank\">Benyamin Netanyahou<\/a> a lui aussi propos\u00e9 son nom pour le prix. Il n\u2019y a pourtant aucune paix \u00e0 Gaza, pas plus qu\u2019en Ukraine, d\u2019ailleurs. Ce serait surtout la jalousie qui motiverait le pr\u00e9sident. \u00ab\u00a0Le fait que Barack Obama ait obtenu le prix Nobel de la paix est une blessure narcissique pour Donald Trump. Il veut faire non pas aussi bien, mais mieux que lui et dire que lui a aussi le prix Nobel de la paix, et que Barack Obama \u00e9tait finalement une sorte de parenth\u00e8se dans la vie politique am\u00e9ricaine et que lui, Donald Trump, est le v\u00e9ritable pr\u00e9sident des \u00c9tats-Unis\u00a0\u00bb, explique Pascal Boniface, directeur de l\u2019Institut de relations internationales et strat\u00e9giques.<\/p>\n<p>Alors, Donald Trump a-t-il vraiment ses chances ? Certains experts en relations internationales en doutent. Ses m\u00e9thodes de n\u00e9gociation parfois brutales ou encore sa d\u00e9fiance \u00e0 l\u2019\u00e9gard des Nations unies, tout cela ne plaide pas vraiment en sa faveur.<\/p>\n","protected":false},"excerpt":{"rendered":"lire plus tard Pour sauvegarder cet article, connectez-vous ou cr\u00e9ez un compte franceinfo Sans paiement. Sans abonnement. Fermer&hellip;\n","protected":false},"author":2,"featured_media":294346,"comment_status":"","ping_status":"","sticky":false,"template":"","format":"standard","meta":{"footnotes":""},"categories":[1589],"tags":[11,73,1866,12,1864,1865,1863,308],"class_list":{"0":"post-294345","1":"post","2":"type-post","3":"status-publish","4":"format-standard","5":"has-post-thumbnail","7":"category-etats-unis","8":"tag-actualites","9":"tag-etats-unis","10":"tag-etats-unis-damerique","11":"tag-news","12":"tag-united-states","13":"tag-united-states-of-america","14":"tag-us","15":"tag-usa"},"share_on_mastodon":{"url":"https:\/\/pubeurope.com\/@fr\/114966842857092990","error":""},"_links":{"self":[{"href":"https:\/\/www.europesays.com\/fr\/wp-json\/wp\/v2\/posts\/294345","targetHints":{"allow":["GET"]}}],"collection":[{"href":"https:\/\/www.europesays.com\/fr\/wp-json\/wp\/v2\/posts"}],"about":[{"href":"https:\/\/www.europesays.com\/fr\/wp-json\/wp\/v2\/types\/post"}],"author":[{"embeddable":true,"href":"https:\/\/www.europesays.com\/fr\/wp-json\/wp\/v2\/users\/2"}],"replies":[{"embeddable":true,"href":"https:\/\/www.europesays.com\/fr\/wp-json\/wp\/v2\/comments?post=294345"}],"version-history":[{"count":0,"href":"https:\/\/www.europesays.com\/fr\/wp-json\/wp\/v2\/posts\/294345\/revisions"}],"wp:featuredmedia":[{"embeddable":true,"href":"https:\/\/www.europesays.com\/fr\/wp-json\/wp\/v2\/media\/294346"}],"wp:attachment":[{"href":"https:\/\/www.europesays.com\/fr\/wp-json\/wp\/v2\/media?parent=294345"}],"wp:term":[{"taxonomy":"category","embeddable":true,"href":"https:\/\/www.europesays.com\/fr\/wp-json\/wp\/v2\/categories?post=294345"},{"taxonomy":"post_tag","embeddable":true,"href":"https:\/\/www.europesays.com\/fr\/wp-json\/wp\/v2\/tags?post=294345"}],"curies":[{"name":"wp","href":"https:\/\/api.w.org\/{rel}","templated":true}]}}