{"id":294349,"date":"2025-08-03T21:00:22","date_gmt":"2025-08-03T21:00:22","guid":{"rendered":"https:\/\/www.europesays.com\/fr\/294349\/"},"modified":"2025-08-03T21:00:22","modified_gmt":"2025-08-03T21:00:22","slug":"en-individuel-lallemagne-sempare-encore-de-lor","status":"publish","type":"post","link":"https:\/\/www.europesays.com\/fr\/294349\/","title":{"rendered":"En individuel, l\u2019Allemagne s&#8217;empare encore de l&rsquo;or"},"content":{"rendered":"<p>Aujourd\u2019hui, la derni\u00e8re \u00e9preuve du championnat d\u2019Europe de dressage Enfants a une nouvelle fois couronn\u00e9 une cavali\u00e8re allemande, Laura Kohoutek, qui \u00e9tait aux r\u00eanes de Shakeela Frh (Hann, Secret x Royal Blend) et qui a obtenu un score magistral de 83,219%. Ce sont 3% de plus que la N\u00e9erlandais Bo Leijten, m\u00e9daill\u00e9e d\u2019argent avec Gentle Van Wittenstein (KWPN) en 80,920%. L\u2019Allemagne s\u2019est offert une autre m\u00e9daille gr\u00e2ce \u00e0 l\u2019\u00e9quitation de Lilly Kasselmann, sur Vodka Soda (Oldbg, Vitalis x Dimaggio), qui ont obtenu un score de 80,394%. Hier, l\u2019Allemagne \u00e9tait d\u00e9j\u00e0 m\u00e9daill\u00e9e d\u2019or en \u00e9quipes, et Laura Kohoutek menait d\u2019ores-et-d\u00e9j\u00e0 la danse avec une reprise not\u00e9e \u00e0 82,784%.<\/p>\n<p>Dix-huit couples \u00e9taient attendus sur le carr\u00e9 pour cette finale individuelle. Dans cette cat\u00e9gorie Enfants, l\u2019objectif est de pr\u00e9parer les athl\u00e8tes au haut niveau qui les attend en Junior et Jeunes Cavaliers, le syst\u00e8me de jugement n\u2019est donc pas celui que l\u2019on conna\u00eet habituellement. En effet, selon la pr\u00e9sidente du jury Sandrine Trimborn: \u201cCes \u00e9preuves ont une finalit\u00e9 formatrice, nous tentons de donner les bases d\u2019une bonne \u00e9quitation avant d\u2019atteindre les \u00e9chelons sup\u00e9rieurs. Le syst\u00e8me de jugement est model\u00e9 autour de cet objectif. Il y a une note sur la technique du cavalier, \u00e9valu\u00e9e sur ce championnat par trois juges, qui sont sur le c\u00f4t\u00e9 long du carr\u00e9 de dressage; puis il y a une note sur la qualit\u00e9, cette fois \u00e9valu\u00e9e par deux juges, qui attribuent quatre notes: la position du cavalier, l\u2019efficacit\u00e9 des aides, la pr\u00e9cision et l\u2019impression g\u00e9n\u00e9rale de la prestation.\u201d\u00a0La moyenne des deux notes donne la note finale. Aussi, moins d\u2019attention est port\u00e9e \u00e0 la qualit\u00e9 de la monture: \u201cAvec bien s\u00fbr la prise en compte de la r\u00e9gularit\u00e9 et du rythme des allures du cheval, nous ne posons aucune importance \u00e0 la qualit\u00e9 des allures de ce dernier en tant que telle. Sur la qualit\u00e9 de la locomotion, notre exigence est moindre. L\u2019int\u00e9r\u00eat r\u00e9side dans l\u2019harmonie du couple, dans la qualit\u00e9 de l\u2019\u00e9quitation, et la mani\u00e8re dont le cavalier pr\u00e9sente son cheval\u201d.\u00a0<\/p>\n<p>Dans cette \u00e9preuve enfants individuelle aujourd\u2019hui, la fran\u00e7aise Flavie Barraud, accompagn\u00e9e de son \u00e9talon de neuf ans Sir Rubino (Oldbg, Sir Donnerhall x Dormello)<\/p>\n<p>a r\u00e9alis\u00e9 une belle reprise not\u00e9e \u00e0 75,167% pour s\u2019offrir une huiti\u00e8me place, et un tour \u00e0 la c\u00e9r\u00e9monie de remise des prix en d\u00e9but d\u2019apr\u00e8s-midi. Ninon Dupuy Pelardy, aussi membre du clan tricolore et en selle sur Dancielle de Malleret (Oldbg, Danciano x Florencio) a termin\u00e9 ce championnat individuel \u00e0 la quatorzi\u00e8me place (69,846%).\u00a0<\/p>\n<p><strong><a href=\"https:\/\/results.worldsporttiming.com\/event\/280\/competition\/9162\/result\" rel=\"noopener noreferrer nofollow\" target=\"_blank\">Les r\u00e9sultats<\/a><\/strong><a href=\"https:\/\/grandprix.info\/fr\/110866\/Suivez-les-championnats-dEurope-Poneys-et-Jeunes-du-Mans-sur-GRANDPRIX.tv-et-ClipMyHorse.tv\/\" rel=\"nofollow noopener\" target=\"_blank\"><br \/><a href=\"https:\/\/grandprix.info\/fr\/110866\/Suivez-les-championnats-dEurope-Poneys-et-Jeunes-du-Mans-sur-GRANDPRIX.tv-et-ClipMyHorse.tv\/\" rel=\"noopener noreferrer nofollow\" target=\"_blank\"><strong>Toutes les \u00e9preuves des championnats d\u2019Europe du Mans sont \u00e0 suivre sur GRANDPRIX.tv et ClipMyHorse.tv<\/strong><\/a><\/p>\n<p>\u00a0<\/p>\n","protected":false},"excerpt":{"rendered":"Aujourd\u2019hui, la derni\u00e8re \u00e9preuve du championnat d\u2019Europe de dressage Enfants a une nouvelle fois couronn\u00e9 une cavali\u00e8re allemande,&hellip;\n","protected":false},"author":2,"featured_media":2623,"comment_status":"","ping_status":"","sticky":false,"template":"","format":"standard","meta":{"footnotes":""},"categories":[1587],"tags":[11,672,1804,1805,1803,1777,674,1801,12,1802],"class_list":{"0":"post-294349","1":"post","2":"type-post","3":"status-publish","4":"format-standard","5":"has-post-thumbnail","7":"category-allemagne","8":"tag-actualites","9":"tag-allemagne","10":"tag-bundesrepublik-deutschland","11":"tag-de","12":"tag-deutschland","13":"tag-eu","14":"tag-europe","15":"tag-germany","16":"tag-news","17":"tag-republique-federale-dallemagne"},"share_on_mastodon":{"url":"https:\/\/pubeurope.com\/@fr\/114966850745280912","error":""},"_links":{"self":[{"href":"https:\/\/www.europesays.com\/fr\/wp-json\/wp\/v2\/posts\/294349","targetHints":{"allow":["GET"]}}],"collection":[{"href":"https:\/\/www.europesays.com\/fr\/wp-json\/wp\/v2\/posts"}],"about":[{"href":"https:\/\/www.europesays.com\/fr\/wp-json\/wp\/v2\/types\/post"}],"author":[{"embeddable":true,"href":"https:\/\/www.europesays.com\/fr\/wp-json\/wp\/v2\/users\/2"}],"replies":[{"embeddable":true,"href":"https:\/\/www.europesays.com\/fr\/wp-json\/wp\/v2\/comments?post=294349"}],"version-history":[{"count":0,"href":"https:\/\/www.europesays.com\/fr\/wp-json\/wp\/v2\/posts\/294349\/revisions"}],"wp:featuredmedia":[{"embeddable":true,"href":"https:\/\/www.europesays.com\/fr\/wp-json\/wp\/v2\/media\/2623"}],"wp:attachment":[{"href":"https:\/\/www.europesays.com\/fr\/wp-json\/wp\/v2\/media?parent=294349"}],"wp:term":[{"taxonomy":"category","embeddable":true,"href":"https:\/\/www.europesays.com\/fr\/wp-json\/wp\/v2\/categories?post=294349"},{"taxonomy":"post_tag","embeddable":true,"href":"https:\/\/www.europesays.com\/fr\/wp-json\/wp\/v2\/tags?post=294349"}],"curies":[{"name":"wp","href":"https:\/\/api.w.org\/{rel}","templated":true}]}}