{"id":294356,"date":"2025-08-03T21:04:12","date_gmt":"2025-08-03T21:04:12","guid":{"rendered":"https:\/\/www.europesays.com\/fr\/294356\/"},"modified":"2025-08-03T21:04:12","modified_gmt":"2025-08-03T21:04:12","slug":"touche-a-la-cheville-en-amical-lilian-brassier-gravement-blesse","status":"publish","type":"post","link":"https:\/\/www.europesays.com\/fr\/294356\/","title":{"rendered":"touch\u00e9 \u00e0 la cheville en amical, Lilian Brassier gravement bless\u00e9 ?"},"content":{"rendered":"<p>Sorti en cours de match contre la Sociedad (1-1) samedi, le d\u00e9fenseur rennais pourrait \u00eatre absent de longues semaines.<\/p>\n<p class=\"fig-paragraph\">\u00ab\u00c7a ne sent pas bon.\u00bb Habib Beye n\u2019\u00e9tait que moyennement confiant au moment d\u2019\u00e9voquer le cas de Lilian Brassier, touch\u00e9 \u00e0 la cheville contre la Real Sociedad (1-1) samedi, en amical. \u00abJe pensais que c\u2019\u00e9tait un coup mais \u00e7a a craqu\u00e9. \u00c7a n\u2019a pas gonfl\u00e9, mais il a tr\u00e8s mal et il l\u2019a vraiment sentie craquer, donc ce ne sont pas forc\u00e9ment des bonnes nouvelles. Mais on va attendre les examens pour savoir la gravit\u00e9 de sa blessure\u00bb, a pr\u00e9cis\u00e9 l\u2019entra\u00eeneur rennais face aux journalistes (via\u00a0<a href=\"https:\/\/www.ouest-france.fr\/sport\/football\/stade-rennais\/stade-rennais-grosse-inquietude-pour-lilian-brassier-blesse-a-la-cheville-contre-la-real-sociedad-4af4808c-7056-11f0-b848-1fc9bd4892ac?fbclid=IwQ0xDSwL8ImNleHRuA2FlbQIxMQABHmKJj4xm7bO4701D2j0tUfNow58vQRVF4Ji2NAOyQl703p3UvKXVVcrwot_P_aem_kVk2LE7yBkoGtiMFVF19mg&amp;sfnsn=scwspmo\" target=\"_blank\" rel=\"sponsored noopener nofollow\" data-gtm-custom-categorie=\"navigation\" data-gtm-custom-action=\"crossclick\" data-gtm-custom-label=\"Contextuel\" data-gtm-event=\"customEventSPE\">Ouest France<\/a> ). Depuis la rencontre, le club breton n\u2019a toujours pas communiqu\u00e9 sur le sujet.<\/p>\n<p class=\"fig-paragraph\">\u00c2g\u00e9 de 25 ans et sous contrat jusqu\u2019en 2029, Lilian Brassier a fait ses classes au centre de formation de\u2026 Rennes, avant de porter les couleurs de Brest et Marseille. Il est revenu au bercail en janvier dernier, en pr\u00eat, avant d\u2019\u00eatre transf\u00e9r\u00e9 cet \u00e9t\u00e9 (12 M\u20ac).<\/p>\n","protected":false},"excerpt":{"rendered":"Sorti en cours de match contre la Sociedad (1-1) samedi, le d\u00e9fenseur rennais pourrait \u00eatre absent de longues&hellip;\n","protected":false},"author":2,"featured_media":294357,"comment_status":"","ping_status":"","sticky":false,"template":"","format":"standard","meta":{"footnotes":""},"categories":[2],"tags":[11,1011,27,12,25,3087],"class_list":{"0":"post-294356","1":"post","2":"type-post","3":"status-publish","4":"format-standard","5":"has-post-thumbnail","7":"category-actualites","8":"tag-actualites","9":"tag-fr","10":"tag-france","11":"tag-news","12":"tag-republique-francaise","13":"tag-stade-rennais"},"share_on_mastodon":{"url":"https:\/\/pubeurope.com\/@fr\/114966866532503423","error":""},"_links":{"self":[{"href":"https:\/\/www.europesays.com\/fr\/wp-json\/wp\/v2\/posts\/294356","targetHints":{"allow":["GET"]}}],"collection":[{"href":"https:\/\/www.europesays.com\/fr\/wp-json\/wp\/v2\/posts"}],"about":[{"href":"https:\/\/www.europesays.com\/fr\/wp-json\/wp\/v2\/types\/post"}],"author":[{"embeddable":true,"href":"https:\/\/www.europesays.com\/fr\/wp-json\/wp\/v2\/users\/2"}],"replies":[{"embeddable":true,"href":"https:\/\/www.europesays.com\/fr\/wp-json\/wp\/v2\/comments?post=294356"}],"version-history":[{"count":0,"href":"https:\/\/www.europesays.com\/fr\/wp-json\/wp\/v2\/posts\/294356\/revisions"}],"wp:featuredmedia":[{"embeddable":true,"href":"https:\/\/www.europesays.com\/fr\/wp-json\/wp\/v2\/media\/294357"}],"wp:attachment":[{"href":"https:\/\/www.europesays.com\/fr\/wp-json\/wp\/v2\/media?parent=294356"}],"wp:term":[{"taxonomy":"category","embeddable":true,"href":"https:\/\/www.europesays.com\/fr\/wp-json\/wp\/v2\/categories?post=294356"},{"taxonomy":"post_tag","embeddable":true,"href":"https:\/\/www.europesays.com\/fr\/wp-json\/wp\/v2\/tags?post=294356"}],"curies":[{"name":"wp","href":"https:\/\/api.w.org\/{rel}","templated":true}]}}