{"id":294360,"date":"2025-08-03T21:06:19","date_gmt":"2025-08-03T21:06:19","guid":{"rendered":"https:\/\/www.europesays.com\/fr\/294360\/"},"modified":"2025-08-03T21:06:19","modified_gmt":"2025-08-03T21:06:19","slug":"julien-quesne-finit-seul-2e-en-ecosse-et-effectue-un-bond-important-a-la-road-to-mallorca","status":"publish","type":"post","link":"https:\/\/www.europesays.com\/fr\/294360\/","title":{"rendered":"Julien Quesne finit seul 2e en Ecosse et effectue un bond important \u00e0 la Road to Mallorca"},"content":{"rendered":"<p>\t\t\t\t\t\t<img width=\"770\" height=\"556\" src=\"https:\/\/www.europesays.com\/fr\/wp-content\/uploads\/2025\/06\/54553282852_0f8a1dd50b_o-770x556.jpg\" class=\"img-responsive wp-post-image\" alt=\"\" decoding=\"async\" fetchpriority=\"high\"  \/>\t\t\t\t\t<\/p>\n<p>\t\t\t\t\t\t Partager cet article <\/p>\n<p class=\"screen-reader-text juiz_sps_maybe_hidden_text\">Partager la publication \u00ab\u00a0Julien Quesne finit seul 2e en Ecosse et effectue un bond important \u00e0 la Road to Mallorca\u00a0\u00bb<\/p>\n<p><strong>Auteur d\u2019une semaine folle en Ecosse au Farmfoods Scottish Challenge Tour avec seulement un bogey conc\u00e9d\u00e9 en 72 trous, Julien Quesne, 44 ans, prend seul la deuxi\u00e8me place du tournoi \u00e0 -18 (266), un coup derri\u00e8re le vainqueur, l\u2019Ecossais Daniel Young. Le Manceau install\u00e9 en Gironde en profite pour gagner 55 places \u00e0 la Road. Le voil\u00e0 d\u00e9sormais 32e et plus que jamais en route vers un retour sur le DP World Tour, huit ans apr\u00e8s l\u2019avoir quitt\u00e9 en raison notamment de nombreux soucis physiques !\u00a0<\/strong><\/p>\n<p>\t\t\t\t\t<a id=\"178042\" href=\"https:\/\/leclub-golf.com\/fr\/actualites\/team-sud-ouest-vs-team-sud-est-le-duel-de-lete?utm_source=golf+planete&amp;utm_medium=referral&amp;utm_campaign=team+sud&amp;utm_id=team+sud_golf+planete_referral_banner\" target=\"_blank\" rel=\"sponsorised noopener\"><img decoding=\"async\" src=\"data:image\/svg+xml,%3Csvg%20xmlns=\" http:=\"\" class=\"img-responsive\" alt=\"\" data-lazy-src=\"https:\/\/www.europesays.com\/fr\/wp-content\/uploads\/2025\/07\/leclubgolf-e08-duel-teams-1170x275-1.png\"\/><\/a><\/p>\n<p><strong>L.V.<\/strong><\/p>\n<p>On n\u2019arr\u00eate plus <strong>Julien Quesne<\/strong>. En possession d\u2019une cat\u00e9gorie de jeu conditionnelle, le Manceau double vainqueur sur le <strong>DP World Tour<\/strong> en 2012 et 2013 brille de mille feux depuis sa 23e place au <strong>Blot Play9<\/strong> le 22 juin dernier. Il a ainsi encha\u00een\u00e9 avec une 12e place au <strong>Vaudreuil<\/strong> puis une 6e au <strong>German Challenge<\/strong> le 20 juillet. Avant de s\u2019offrir une superbe 2e place ce dimanche en Ecosse. A un coup seulement du laur\u00e9at, l\u2019Ecossais <strong>Daniel Young<\/strong>.\u00a0<\/p>\n<p><a href=\"https:\/\/www.europeantour.com\/hotelplanner-tour\/farmfoods-scottish-challenge-supported-by-the-r-a-2025\/leaderboard\" target=\"_blank\" rel=\"noopener\">Retrouvez le classement complet<\/a><\/p>\n<p>Sa semaine a \u00e9t\u00e9 en tout point remarquable, signant quatre cartes de 67, 68, 64 et 67 (-18) avec seulement un bogey conc\u00e9d\u00e9 en 72 trous. Cette d\u00e9monstration de force lui permet aujourd\u2019hui de gagner 55 places \u00e0<a href=\"https:\/\/www.europeantour.com\/hotelplanner-tour\/rankings\/overview\/rankings\/\" target=\"_blank\" rel=\"noopener\"> la Road to Mallorca<\/a> et d\u2019occuper d\u00e9sormais la 32e position. Plus tr\u00e8s loin maintenant de ces fameuses 20 places r\u00e9serv\u00e9es pour le DP World Tour 2026 \u00e0 l\u2019issue de la finale de la Road d\u00e9but novembre \u00e0 Majorque (Iles Bal\u00e9ares).\u00a0<\/p>\n<blockquote><p>\nApr\u00e8s autant d\u2019ann\u00e9es de souffrances physiques et mentales, revenir comme \u00e7a, j\u2019appr\u00e9cie d\u2019autant plus.<\/p>\n<p>Julien Quesne<\/p>\n<\/blockquote>\n<p>\u00ab J\u2019ai tr\u00e8s bien jou\u00e9 toute la semaine, nous d\u00e9clare-t-il au t\u00e9l\u00e9phone. Et peut-\u00eatre encore mieux aujourd\u2019hui. J\u2019ai eu des occasions de birdies toute la journ\u00e9e. Malheureusement, les putts ne sont pas tomb\u00e9s. Je suis tr\u00e8s content de finir 2e tout seul, tr\u00e8s content de la forme que prend mon jeu. Physiquement, \u00e7a va beaucoup mieux. Je me sens vraiment bien, j\u2019encha\u00eene les belles semaines\u2026 \u00bb<\/p>\n<p>\u00ab Je suis tr\u00e8s heureux de pouvoir finir la saison sur le Challenge Tour (rebaptis\u00e9 <strong>HotelPlanner Tour<\/strong>) et ainsi pouvoir l\u2019occasion de remonter sur le Tour europ\u00e9en \u00e0 la fin de l\u2019ann\u00e9e, poursuit-il. Je vais tout donner. Je vais regarder quel va \u00eatre mon calendrier jusqu\u2019\u00e0 la fin de l\u2019ann\u00e9e. Je pense que je vais avoir acc\u00e8s \u00e0 tous les tournois. Les trois derniers (dont deux en Chine) vont \u00eatre tr\u00e8s importants parce qu\u2019il y a beaucoup de points en jeu. Ce ne sont que des bons probl\u00e8mes. Apr\u00e8s autant d\u2019ann\u00e9es de souffrances physiques et mentales, revenir comme \u00e7a, j\u2019appr\u00e9cie d\u2019autant plus. J\u2019essaie d\u2019en profiter un maximum en ce moment. Je suis tr\u00e8s bien entour\u00e9, j\u2019ai beaucoup de chances. Je n\u2019ai h\u00e2te que d\u2019une seule chose maintenant, c\u2019est de remonter sur le Tour europ\u00e9en ! \u00bb<\/p>\n<p>A noter aussi la belle 8e place de <strong>Maxence Giboudot<\/strong> \u00e0 -13 devant <strong>Oihan Guillamoundeguy<\/strong> (18e \u00e0 -10).\u00a0<\/p>\n<p>Prochain rendez-vous, l\u2019<strong>Irish Challenge<\/strong>, du 7 au 10 ao\u00fbt.\u00a0<\/p>\n<p>\t\t\t\t\t<a id=\"180473\" href=\"https:\/\/eu.ping.com\/fr-fr\/clubs\/irons\/idi\" target=\"_blank\" rel=\"sponsorised noopener\"><img decoding=\"async\" src=\"data:image\/svg+xml,%3Csvg%20xmlns=\" http:=\"\" class=\"img-responsive\" alt=\"\" data-lazy-src=\"https:\/\/www.europesays.com\/fr\/wp-content\/uploads\/2025\/07\/ping-e07-fers-idi-1170x275-1.jpg\"\/><\/a><br \/>\nLe leaderboard\u00a0<\/p>\n<p><img loading=\"lazy\" decoding=\"async\" class=\"alignnone wp-image-181422 size-large\" src=\"data:image\/svg+xml,%3Csvg%20xmlns=\" http:=\"\" alt=\"\" width=\"770\" height=\"400\" data-lazy- data-lazy- data-lazy-src=\"https:\/\/www.europesays.com\/fr\/wp-content\/uploads\/2025\/08\/capture1ch-770x400.jpg\"\/><\/p>\n<p>\t\t\t\t\t<a id=\"178017\" href=\"https:\/\/www.formigolf.fr\/voyage-pays~jardin-de-tecina-4etoiles-la-gomera~75~canaries\" target=\"_blank\" rel=\"sponsorised noopener\"><img decoding=\"async\" src=\"data:image\/svg+xml,%3Csvg%20xmlns=\" http:=\"\" class=\"img-responsive\" alt=\"\" data-lazy-src=\"https:\/\/www.europesays.com\/fr\/wp-content\/uploads\/2025\/07\/formigolf-e07-canaries-gomera-1170x275-1.gif\"\/><\/a><br \/>\nLe leaderboard des autres Fran\u00e7ais<\/p>\n<p><img loading=\"lazy\" decoding=\"async\" class=\"alignnone wp-image-181423 size-large\" src=\"data:image\/svg+xml,%3Csvg%20xmlns=\" http:=\"\" alt=\"\" width=\"770\" height=\"275\" data-lazy- data-lazy- data-lazy-src=\"https:\/\/www.europesays.com\/fr\/wp-content\/uploads\/2025\/08\/capture2ch-770x275.jpg\"\/><\/p>\n<p>\t\t\t\t\t<a id=\"180479\" href=\"https:\/\/www.swing.fr\/voyage\/35-14eme-edition-des-doubles-gosset-by-beachcomber\" target=\"_blank\" rel=\"sponsorised noopener\"><img decoding=\"async\" src=\"data:image\/svg+xml,%3Csvg%20xmlns=\" http:=\"\" class=\"img-responsive\" alt=\"\" data-lazy-src=\"https:\/\/www.europesays.com\/fr\/wp-content\/uploads\/2025\/07\/beachcomber-e01-doubles-gosset-26-1170x275-1.jpg\"\/><\/a><\/p>\n<p>Photo : Raffaele Canepa \/ alpstourgolf.com<\/p>\n","protected":false},"excerpt":{"rendered":"Partager cet article Partager la publication \u00ab\u00a0Julien Quesne finit seul 2e en Ecosse et effectue un bond important&hellip;\n","protected":false},"author":2,"featured_media":179663,"comment_status":"","ping_status":"","sticky":false,"template":"","format":"standard","meta":{"footnotes":""},"categories":[1418],"tags":[1011,27,1472,60],"class_list":{"0":"post-294360","1":"post","2":"type-post","3":"status-publish","4":"format-standard","5":"has-post-thumbnail","7":"category-golf","8":"tag-fr","9":"tag-france","10":"tag-golf","11":"tag-sports"},"share_on_mastodon":{"url":"https:\/\/pubeurope.com\/@fr\/114966874237092973","error":""},"_links":{"self":[{"href":"https:\/\/www.europesays.com\/fr\/wp-json\/wp\/v2\/posts\/294360","targetHints":{"allow":["GET"]}}],"collection":[{"href":"https:\/\/www.europesays.com\/fr\/wp-json\/wp\/v2\/posts"}],"about":[{"href":"https:\/\/www.europesays.com\/fr\/wp-json\/wp\/v2\/types\/post"}],"author":[{"embeddable":true,"href":"https:\/\/www.europesays.com\/fr\/wp-json\/wp\/v2\/users\/2"}],"replies":[{"embeddable":true,"href":"https:\/\/www.europesays.com\/fr\/wp-json\/wp\/v2\/comments?post=294360"}],"version-history":[{"count":0,"href":"https:\/\/www.europesays.com\/fr\/wp-json\/wp\/v2\/posts\/294360\/revisions"}],"wp:featuredmedia":[{"embeddable":true,"href":"https:\/\/www.europesays.com\/fr\/wp-json\/wp\/v2\/media\/179663"}],"wp:attachment":[{"href":"https:\/\/www.europesays.com\/fr\/wp-json\/wp\/v2\/media?parent=294360"}],"wp:term":[{"taxonomy":"category","embeddable":true,"href":"https:\/\/www.europesays.com\/fr\/wp-json\/wp\/v2\/categories?post=294360"},{"taxonomy":"post_tag","embeddable":true,"href":"https:\/\/www.europesays.com\/fr\/wp-json\/wp\/v2\/tags?post=294360"}],"curies":[{"name":"wp","href":"https:\/\/api.w.org\/{rel}","templated":true}]}}