{"id":294361,"date":"2025-08-03T21:08:09","date_gmt":"2025-08-03T21:08:09","guid":{"rendered":"https:\/\/www.europesays.com\/fr\/294361\/"},"modified":"2025-08-03T21:08:09","modified_gmt":"2025-08-03T21:08:09","slug":"diffusion-coupe-du-monde-feminine-de-rugby-2025-le-calendrier-des-retransmissions-tele-chaine-par-chaine","status":"publish","type":"post","link":"https:\/\/www.europesays.com\/fr\/294361\/","title":{"rendered":"Diffusion Coupe du monde f\u00e9minine de rugby 2025 : Le calendrier des retransmissions t\u00e9l\u00e9 cha\u00eene par cha\u00eene"},"content":{"rendered":"<p>La suite apr\u00e8s la publicit\u00e9<\/p>\n<p>Pas de r\u00e9pit pour le sport f\u00e9minin. <a href=\"https:\/\/www.ozap.com\/actu\/julien-millereux-directeur-des-sports-du-groupe-tf1-notre-politique-dacquisition-des-droits-tv-sinscrit-dans-une-logique-economique-raisonnable\/650322\" rel=\"nofollow noopener\" target=\"_blank\">Apr\u00e8s les Euro de basket-ball puis de football,<\/a> <a href=\"https:\/\/www.ozap.com\/actu\/audiences-le-record-du-monde-pulverise-par-leon-marchand-aux-mondiaux-de-natation-2025-a-t-il-impressionne-les-telespectateurs-sur-france-3\/651015\" rel=\"nofollow noopener\" target=\"_blank\">les championnats du monde de natation<\/a> et le <a href=\"https:\/\/www.ozap.com\/actu\/audiences-dimanche-le-final-historique-du-tour-de-france-2025-sur-france-2-eclipse-le-double-de-langleterre-a-leuro-feminin-de-football-sur-tf1-et-tmc\/650967\" rel=\"nofollow noopener\" target=\"_blank\">Tour de France cycliste<\/a>, qui s&rsquo;ach\u00e8ve ce dimanche 3 ao\u00fbt 2025, la Coupe du monde f\u00e9minine de rugby animera la rentr\u00e9e. Entre le vendredi 22 ao\u00fbt et le samedi 27 septembre, 16 s\u00e9lections participeront \u00e0 la 10e \u00e9dition de l&rsquo;\u00e9v\u00e9nement retransmis sur les antennes du groupe TF1 (20 matchs), <a href=\"https:\/\/www.ozap.com\/actu\/tf1-revend-a-france-television-des-matchs-de-leuro-feminin-de-football-et-de-la-coupe-du-monde-de-rugby-feminin-dont-plusieurs-des-bleues\/650271\" rel=\"nofollow noopener\" target=\"_blank\">qui a r\u00e9troc\u00e9d\u00e9<\/a>, \u00e0 l&rsquo;instar de ce qui s&rsquo;\u00e9tait pass\u00e9 pour l&rsquo;Euro f\u00e9minin, 12 rencontres \u00e0 son homologue de France T\u00e9l\u00e9visions.<\/p>\n<p>Deux matchs des Bleues le dimanche apr\u00e8s-midi sur France 2, un en prime time sur TF1<\/p>\n<p>Le match d&rsquo;ouverture tombe ainsi dans l&rsquo;escarcelle de France 3. <a href=\"https:\/\/www.ozap.com\/actu\/les-15-ans-des-12-coups-sur-tf1-la-petite-sirene-sur-m6-louverture-du-mondial-feminin-de-rugby-2025-sur-france-3-les-temps-forts-a-la-television-du-16-au-22-aout-2025\/650992\" rel=\"nofollow noopener\" target=\"_blank\">La cha\u00eene publique diffusera USA \/ Angleterre le vendredi 22 ao\u00fbt<\/a>. Marc Tamon et Safi N&rsquo;Diaye prendront l&rsquo;antenne d\u00e8s 20h20 pour commenter cette rencontre, la seule de la phase de poules retransmise en prime time sur France T\u00e9l\u00e9visions et france.tv.<\/p>\n<p>Le groupe public poursuivra ce premier week-end de comp\u00e9tition avec \u00c9cosse \/ Pays-de-Galles, choc habituel du Tournoi des 6 nations f\u00e9minin lui aussi dans l&rsquo;escarcelle de France T\u00e9l\u00e9visions, le samedi 23 ao\u00fbt \u00e0 15h45 sur France 2 puis Irlande \/ Japon le dimanche 24 ao\u00fbt \u00e0 12h50 sur France 3. Les prestations du XV tricolore, entra\u00een\u00e9 par Ga\u00eblle Mignot et David Ortiz, seront \u00e0 suivre les dimanche 31 ao\u00fbt et 7 septembre \u00e0 17h30 pour la premi\u00e8re et 17h35 pour la seconde. France \/ Br\u00e9sil et France \/ Afrique du Sud seront comment\u00e9s par Matthieu Lartot et Safi N&rsquo;Diaye. Rapha\u00eblle Talbot et H\u00e9l\u00e8ne Macurdy officieront au bord de la pelouse.<\/p>\n<p>TF1 proposera, quant \u00e0 elle, l&rsquo;entr\u00e9e en lice des Bleues le samedi 23 ao\u00fbt \u00e0 21h15. Comment\u00e9e par Stefan Etcheverry et Marie Semp\u00e9r\u00e9, avec In\u00e8s Hirigoyen, la confrontation entre la France et l&rsquo;Italie sera encadr\u00e9e par \u00ab\u00a0Le mag de la Coupe du monde\u00a0\u00bb, <a href=\"https:\/\/www.ozap.com\/actu\/audiences-quel-score-pour-la-premiere-disabelle-ithurburu-au-13-heures-de-tf1-en-tant-que-joker-de-marie-sophie-lacarrau\/650806\" rel=\"nofollow noopener\" target=\"_blank\">pr\u00e9sent\u00e9 depuis la pelouse par Isabelle Ithurburu<\/a>, accompagn\u00e9e de Coumba Diallo, l\u2019ancienne internationale aux plus de 50 s\u00e9lections avec les Bleues et d\u00e9j\u00e0 consultante en 2022. Deux autres paires de commentateurs ont \u00e9t\u00e9 align\u00e9s par TF1 pour commenter la vingtaine de matchs diffus\u00e9s sur ses antennes lin\u00e9aires (TF1, TMC et TFX) et TF1+ : R\u00e9my Messegu\u00e9-Yanna Rivoalen et Nicolas Delage-Laura Di Muzio.<\/p>\n<p>Calendrier de la Coupe du monde f\u00e9minine de rugby 2025<\/p>\n<p><strong>Phase de poules<\/strong><\/p>\n<p><strong>Vendredi 22 ao\u00fbt 2025<\/strong><br \/>20h20 sur France 3 : USA \/ Angleterre<\/p>\n<p><strong>Samedi 23 ao\u00fbt 2025<\/strong><br \/>13h00 sur TMC : Australie \/ Samoa, comment\u00e9 par R\u00e9my Messegu\u00e9 et Yanna Rivoalen<br \/>15h45 sur France 2 : \u00c9cosse \/ Pays de Galles<br \/>18h30 sur TMC : Canada \/ Fidji, comment\u00e9 par Nicolas Delage et Laura Di Muzio<br \/><strong>21h15 sur TF1 : France \/ Italie, comment\u00e9 par Stefan Etcheverry et Marie Semp\u00e9r\u00e9, avec In\u00e8s Hirigoyen<\/strong><\/p>\n<p><strong>Dimanche 24 ao\u00fbt 2025<\/strong><br \/>12h50 sur France 3 : Irlande \/ Japon<br \/>15h45 sur TFX : Afrique du Sud \/ Br\u00e9sil, comment\u00e9 par R\u00e9my Messegu\u00e9 et Yanna Rivoalen<br \/>18h30 sur TMC : Nouvelle-Z\u00e9lande \/ Espagne, comment\u00e9 par Nicolas Delage et Laura Di Muzio<\/p>\n<p><strong>Samedi 30 ao\u00fbt 2025<\/strong><br \/>12h50 sur France 3 : Canada \/ Pays de Galles<br \/>15h45 sur TFX : \u00c9cosse \/ Fidji, comment\u00e9 par R\u00e9my Messegu\u00e9 et Yanna Rivoalen<br \/>18h00 sur TFX : Angleterre \/ Samoa, comment\u00e9 par Stefan Etcheverry et Marie Semp\u00e9r\u00e9<br \/>20h30 sur TFX : \u00c9tats-Unis \/ Australie, comment\u00e9 par Nicolas Delage et Laura Di Muzio<\/p>\n<p><strong>Dimanche 31 ao\u00fbt 2025<\/strong><br \/>13h00 sur TFX : Irlande \/ Espagne, comment\u00e9 par Stefan Etcheverry et Marie Semp\u00e9r\u00e9<br \/>14h50 sur France 2 : Nouvelle-Z\u00e9lande \/ Japon\u00a0<br \/>16h30 sur TF1+ : Italie \/ Afrique du Sud sur TF1+, comment\u00e9 par Nicolas Delage et Laura Di Muzio<br \/><strong>17h30 sur France 2 : France \/ Br\u00e9sil\u00a0<\/strong><\/p>\n<p><strong>Samedi 6 septembre 2025<\/strong><br \/>12h50 sur France 3 : Canada \/ \u00c9cosse<br \/>14h30 sur TF1+ : \u00c9tats-Unis \/ Samoa, comment\u00e9 par R\u00e9my Messegu\u00e9 et Yanna Rivoalen<br \/>15h45 sur TMC : Pays de Galles \/ Fidji, comment\u00e9 par Nicolas Delage et Laura Di Muzio<br \/>18h00 sur TMC : Angleterre \/ Australie, comment\u00e9 par Stefan Etcheverry et Marie Semp\u00e9r\u00e9<\/p>\n<p><strong>Dimanche 7 septembre 2025<\/strong><br \/>13h00 sur TFX : Japon \/ Espagne, comment\u00e9 par Nicolas Delage et Laura Di Muzio<br \/>15h00 sur TFX : Italie \/ Br\u00e9sil, comment\u00e9 par Stefan Etcheverry et Marie Semp\u00e9r\u00e9<br \/>15h35 sur France 3 : Nouvelle-Z\u00e9lande \/ Irlande<br \/><strong>17h35 sur France 2 : France \/ Afrique du Sud<\/strong><\/p>\n<p>Quarts de finale<\/p>\n<p><strong>Samedi 13 et dimanche 14 septembre 2025<\/strong><br \/>Deux quarts de finale sur les antennes du groupe TF1, deux sur celles de France T\u00e9l\u00e9visions<\/p>\n<p>Demi-finales<\/p>\n<p><strong>Vendredi 19 septembre et samedi 20 septembre 2025<\/strong><br \/>Une demi-finale sur les antennes du groupe TF1, une autre sur celles de France T\u00e9l\u00e9visions<\/p>\n<p>La finale<\/p>\n<p><strong>Samedi 27 septembre 2025<\/strong><br \/>La finale sur les antennes du groupe TF1<\/p>\n","protected":false},"excerpt":{"rendered":"La suite apr\u00e8s la publicit\u00e9 Pas de r\u00e9pit pour le sport f\u00e9minin. Apr\u00e8s les Euro de basket-ball puis&hellip;\n","protected":false},"author":2,"featured_media":294362,"comment_status":"","ping_status":"","sticky":false,"template":"","format":"standard","meta":{"footnotes":""},"categories":[1416],"tags":[1011,27,479,1468,60],"class_list":{"0":"post-294361","1":"post","2":"type-post","3":"status-publish","4":"format-standard","5":"has-post-thumbnail","7":"category-rugby","8":"tag-fr","9":"tag-france","10":"tag-rugby","11":"tag-rugby-football","12":"tag-sports"},"share_on_mastodon":{"url":"https:\/\/pubeurope.com\/@fr\/114966882122029335","error":""},"_links":{"self":[{"href":"https:\/\/www.europesays.com\/fr\/wp-json\/wp\/v2\/posts\/294361","targetHints":{"allow":["GET"]}}],"collection":[{"href":"https:\/\/www.europesays.com\/fr\/wp-json\/wp\/v2\/posts"}],"about":[{"href":"https:\/\/www.europesays.com\/fr\/wp-json\/wp\/v2\/types\/post"}],"author":[{"embeddable":true,"href":"https:\/\/www.europesays.com\/fr\/wp-json\/wp\/v2\/users\/2"}],"replies":[{"embeddable":true,"href":"https:\/\/www.europesays.com\/fr\/wp-json\/wp\/v2\/comments?post=294361"}],"version-history":[{"count":0,"href":"https:\/\/www.europesays.com\/fr\/wp-json\/wp\/v2\/posts\/294361\/revisions"}],"wp:featuredmedia":[{"embeddable":true,"href":"https:\/\/www.europesays.com\/fr\/wp-json\/wp\/v2\/media\/294362"}],"wp:attachment":[{"href":"https:\/\/www.europesays.com\/fr\/wp-json\/wp\/v2\/media?parent=294361"}],"wp:term":[{"taxonomy":"category","embeddable":true,"href":"https:\/\/www.europesays.com\/fr\/wp-json\/wp\/v2\/categories?post=294361"},{"taxonomy":"post_tag","embeddable":true,"href":"https:\/\/www.europesays.com\/fr\/wp-json\/wp\/v2\/tags?post=294361"}],"curies":[{"name":"wp","href":"https:\/\/api.w.org\/{rel}","templated":true}]}}