{"id":294370,"date":"2025-08-03T21:14:15","date_gmt":"2025-08-03T21:14:15","guid":{"rendered":"https:\/\/www.europesays.com\/fr\/294370\/"},"modified":"2025-08-03T21:14:15","modified_gmt":"2025-08-03T21:14:15","slug":"om-un-cador-de-serie-a-fonce-sur-mason-greenwood","status":"publish","type":"post","link":"https:\/\/www.europesays.com\/fr\/294370\/","title":{"rendered":"OM, un cador de Serie A fonce sur Mason Greenwood"},"content":{"rendered":"<p data-testid=\"article-teaser\">Une grande \u00e9curie italienne envisage de chiper Mason Greenwood \u00e0 l\u2019OM cet \u00e9t\u00e9. <\/p>\n<p>Le mercato estival n\u2019a pas encore livr\u00e9 tous ses secrets. L\u2019Olympique de Marseille, jusque-l\u00e0 serein dans sa gestion des d\u00e9parts, pourrait bient\u00f4t devoir g\u00e9rer une offensive inattendue. Un grand club italien, arm\u00e9 financi\u00e8rement, suit de pr\u00e8s Mason Greenwood, l\u2019un de ses joueurs les plus brillants depuis le d\u00e9but de la pr\u00e9paration.<\/p>\n","protected":false},"excerpt":{"rendered":"Une grande \u00e9curie italienne envisage de chiper Mason Greenwood \u00e0 l\u2019OM cet \u00e9t\u00e9. Le mercato estival n\u2019a pas&hellip;\n","protected":false},"author":2,"featured_media":294371,"comment_status":"","ping_status":"","sticky":false,"template":"","format":"standard","meta":{"footnotes":""},"categories":[1410],"tags":[784,43431,41563,43432,43434,63,1011,27,41561,66,20447,884,43433,67,60],"class_list":{"0":"post-294370","1":"post","2":"type-post","3":"status-publish","4":"format-standard","5":"has-post-thumbnail","7":"category-football","8":"tag-aston-villa","9":"tag-atalanta","10":"tag-club-friendlies","11":"tag-fc-koeln","12":"tag-fc-koeln-vs-atalanta","13":"tag-football","14":"tag-fr","15":"tag-france","16":"tag-jeux-damitie-des-clubs","17":"tag-ligue-1","18":"tag-m-greenwood","19":"tag-marseille","20":"tag-marseille-vs-aston-villa","21":"tag-serie-a","22":"tag-sports"},"share_on_mastodon":{"url":"https:\/\/pubeurope.com\/@fr\/114966905786904120","error":""},"_links":{"self":[{"href":"https:\/\/www.europesays.com\/fr\/wp-json\/wp\/v2\/posts\/294370","targetHints":{"allow":["GET"]}}],"collection":[{"href":"https:\/\/www.europesays.com\/fr\/wp-json\/wp\/v2\/posts"}],"about":[{"href":"https:\/\/www.europesays.com\/fr\/wp-json\/wp\/v2\/types\/post"}],"author":[{"embeddable":true,"href":"https:\/\/www.europesays.com\/fr\/wp-json\/wp\/v2\/users\/2"}],"replies":[{"embeddable":true,"href":"https:\/\/www.europesays.com\/fr\/wp-json\/wp\/v2\/comments?post=294370"}],"version-history":[{"count":0,"href":"https:\/\/www.europesays.com\/fr\/wp-json\/wp\/v2\/posts\/294370\/revisions"}],"wp:featuredmedia":[{"embeddable":true,"href":"https:\/\/www.europesays.com\/fr\/wp-json\/wp\/v2\/media\/294371"}],"wp:attachment":[{"href":"https:\/\/www.europesays.com\/fr\/wp-json\/wp\/v2\/media?parent=294370"}],"wp:term":[{"taxonomy":"category","embeddable":true,"href":"https:\/\/www.europesays.com\/fr\/wp-json\/wp\/v2\/categories?post=294370"},{"taxonomy":"post_tag","embeddable":true,"href":"https:\/\/www.europesays.com\/fr\/wp-json\/wp\/v2\/tags?post=294370"}],"curies":[{"name":"wp","href":"https:\/\/api.w.org\/{rel}","templated":true}]}}