{"id":294403,"date":"2025-08-03T21:38:11","date_gmt":"2025-08-03T21:38:11","guid":{"rendered":"https:\/\/www.europesays.com\/fr\/294403\/"},"modified":"2025-08-03T21:38:11","modified_gmt":"2025-08-03T21:38:11","slug":"encore-un-cheval-tue-et-quatre-autres-blesses-pres-du-havre-la-serie-de-mutilations-se-poursuit-en-seine-maritime","status":"publish","type":"post","link":"https:\/\/www.europesays.com\/fr\/294403\/","title":{"rendered":"Encore un cheval tu\u00e9 et quatre autres bless\u00e9s pr\u00e8s du Havre, la s\u00e9rie de mutilations se poursuit en Seine-Maritime"},"content":{"rendered":"<p class=\"paragraph text_align_left lp-f-body-02\">Voil\u00e0 \u00ab\u00a0plusieurs semaines\u00a0\u00bb que le parquet du\u00a0Havre (Seine-Maritime) voit d\u00e9filer les \u00ab\u00a0s\u00e9vices graves\u00a0\u00bb et les \u00ab\u00a0actes de cruaut\u00e9 ayant entra\u00een\u00e9 la mort sur des chevaux\u00a0\u00bb. Des faits du m\u00eame acabit ont \u00e9t\u00e9 observ\u00e9s r\u00e9cemment par la brigade de gendarmerie d\u2019Yvetot, d\u00e9pendante du tribunal judiciaire de Rouen.<\/p>\n<p class=\"paragraph text_align_left lp-f-body-02\">Les premi\u00e8res agressions remontent <a href=\"https:\/\/www.leparisien.fr\/seine-maritime-76\/on-a-decouvert-la-ponette-de-ma-fille-couverte-de-sang-pres-du-havre-quatre-chevaux-mutiles-17-07-2025-IQWKR5VNDJB6BN4C47FR3FULXU.php\" target=\"_self\" rel=\"noopener\">au moins au mois de mai et se sont r\u00e9p\u00e9t\u00e9es en juin<\/a> \u00e0 Angerville-l\u2019Orcher. \u00c0 chaque fois, les \u00e9quid\u00e9s sont lac\u00e9r\u00e9s \u00e0 l\u2019arme blanche. Souvent, les yeux sont vis\u00e9s. Au point de g\u00e9n\u00e9rer une forte inqui\u00e9tude chez les propri\u00e9taires de chevaux.<\/p>\n<p class=\"paragraph text_align_left lp-f-body-02\">Les derni\u00e8res mutilations sont quant \u00e0 elles survenues dans la nuit de jeudi \u00e0 vendredi \u00e0 Saint-Martin-du-Manoir, non loin du\u00a0Havre, relate Soizic Guillaume, la procureure de la R\u00e9publique. \u00ab\u00a0Cinq chevaux ont \u00e9t\u00e9 agress\u00e9s selon un proc\u00e9d\u00e9 qui para\u00eet similaire\u00a0\u00bb aux autres cas recens\u00e9s. L\u2019un des chevaux est mort. Les quatre autres sont bless\u00e9s, dont un \u00ab\u00a0a perdu un \u0153il\u00a0\u00bb.<\/p>\n<p>Vers une multiplication des patrouilles<\/p>\n<p class=\"paragraph text_align_left lp-f-body-02\">Face \u00e0 ce qui ressemble \u00e0 une s\u00e9rie d\u2019agressions contre des \u00e9quid\u00e9s dans le d\u00e9partement de Seine-Maritime, \u00ab\u00a0l\u2019ensemble de ces dossiers ont \u00e9t\u00e9 r\u00e9unis et l\u2019enqu\u00eate confi\u00e9e \u00e0 la brigade de recherche de F\u00e9camp\u00a0\u00bb, indique Soizic Guillaume. De surcro\u00eet, \u00ab\u00a0une direction d\u2019enqu\u00eate commune a \u00e9t\u00e9 cr\u00e9\u00e9e mobilisant des effectifs de gendarmerie \u00e9manant des brigades de recherche de F\u00e9camp, Le\u00a0Havre, Yvetot et des brigades territoriales concern\u00e9es\u00a0\u00bb.<\/p>\n<p class=\"paragraph text_align_left lp-f-body-02\">Mobilis\u00e9s pour retrouver le ou les auteurs des mutilations, les gendarmes pr\u00e9voient de multiplier les patrouilles dans le p\u00e9rim\u00e8tre des centres \u00e9questres.<\/p>\n<p class=\"paragraph text_align_left lp-f-body-02\">En 2020 d\u00e9j\u00e0, <a href=\"https:\/\/www.leparisien.fr\/faits-divers\/chevaux-mutiles-le-mystere-s-estompe-pas-la-psychose-08-12-2020-8413089.php\" target=\"_self\" rel=\"noopener\">une s\u00e9rie noire s\u2019\u00e9tait abattue sur les centres \u00e9questres<\/a>. Plusieurs dizaines d\u2019agressions avaient \u00e9t\u00e9 comptabilis\u00e9es \u00e0 travers diff\u00e9rents d\u00e9partements.<\/p>\n","protected":false},"excerpt":{"rendered":"Voil\u00e0 \u00ab\u00a0plusieurs semaines\u00a0\u00bb que le parquet du\u00a0Havre (Seine-Maritime) voit d\u00e9filer les \u00ab\u00a0s\u00e9vices graves\u00a0\u00bb et les \u00ab\u00a0actes de cruaut\u00e9&hellip;\n","protected":false},"author":2,"featured_media":294404,"comment_status":"","ping_status":"","sticky":false,"template":"","format":"standard","meta":{"footnotes":""},"categories":[9587],"tags":[1111,11,459,1777,674,118,1011,27,12,5161,25,9590,11074],"class_list":{"0":"post-294403","1":"post","2":"type-post","3":"status-publish","4":"format-standard","5":"has-post-thumbnail","7":"category-rouen","8":"tag-actu","9":"tag-actualites","10":"tag-departements-horsidfo","11":"tag-eu","12":"tag-europe","13":"tag-faits-divers","14":"tag-fr","15":"tag-france","16":"tag-news","17":"tag-normandie","18":"tag-republique-francaise","19":"tag-rouen","20":"tag-seine-maritime-76"},"share_on_mastodon":{"url":"https:\/\/pubeurope.com\/@fr\/114967000099385553","error":""},"_links":{"self":[{"href":"https:\/\/www.europesays.com\/fr\/wp-json\/wp\/v2\/posts\/294403","targetHints":{"allow":["GET"]}}],"collection":[{"href":"https:\/\/www.europesays.com\/fr\/wp-json\/wp\/v2\/posts"}],"about":[{"href":"https:\/\/www.europesays.com\/fr\/wp-json\/wp\/v2\/types\/post"}],"author":[{"embeddable":true,"href":"https:\/\/www.europesays.com\/fr\/wp-json\/wp\/v2\/users\/2"}],"replies":[{"embeddable":true,"href":"https:\/\/www.europesays.com\/fr\/wp-json\/wp\/v2\/comments?post=294403"}],"version-history":[{"count":0,"href":"https:\/\/www.europesays.com\/fr\/wp-json\/wp\/v2\/posts\/294403\/revisions"}],"wp:featuredmedia":[{"embeddable":true,"href":"https:\/\/www.europesays.com\/fr\/wp-json\/wp\/v2\/media\/294404"}],"wp:attachment":[{"href":"https:\/\/www.europesays.com\/fr\/wp-json\/wp\/v2\/media?parent=294403"}],"wp:term":[{"taxonomy":"category","embeddable":true,"href":"https:\/\/www.europesays.com\/fr\/wp-json\/wp\/v2\/categories?post=294403"},{"taxonomy":"post_tag","embeddable":true,"href":"https:\/\/www.europesays.com\/fr\/wp-json\/wp\/v2\/tags?post=294403"}],"curies":[{"name":"wp","href":"https:\/\/api.w.org\/{rel}","templated":true}]}}