{"id":294405,"date":"2025-08-03T21:39:10","date_gmt":"2025-08-03T21:39:10","guid":{"rendered":"https:\/\/www.europesays.com\/fr\/294405\/"},"modified":"2025-08-03T21:39:10","modified_gmt":"2025-08-03T21:39:10","slug":"un-jeune-couple-redonne-vie-a-un-bar-tabac-reste-ferme-pendant-trois-ans","status":"publish","type":"post","link":"https:\/\/www.europesays.com\/fr\/294405\/","title":{"rendered":"Un jeune couple redonne vie \u00e0 un bar-tabac, rest\u00e9 ferm\u00e9 pendant trois ans"},"content":{"rendered":"<p>            Par<br \/>\n        <strong><br \/>\n            <a href=\"https:\/\/actu.fr\/auteur\/le-journal-delbeuf\" title=\"Consulter tous les articles de R\u00e9daction Elbeuf\" rel=\"nofollow noopener\" target=\"_blank\">R\u00e9daction Elbeuf<\/a><br \/>\n        <\/strong><\/p>\n<p>        Publi\u00e9 le<\/p>\n<p>            3 ao\u00fbt 2025 \u00e0 21h35        <\/p>\n<p>Apr\u00e8s une longue fermeture de trois ans, le bar-tabac de la rue du Neubourg \u00e0 <a href=\"https:\/\/actu.fr\/normandie\/elbeuf_76231\" rel=\"nofollow noopener\" target=\"_blank\">Elbeuf<\/a> (Seine-Maritime) reprend du service\u2009! Avec Cindy et Ladislas aux manettes, un jeune couple qui redonne vie au<b> Duo<\/b>.<\/p>\n<p class=\" wall-content\">Pour ce nouveau d\u00e9part, ils ont voulu lui donner une <b>nouvelle identit\u00e9<\/b>, un nouveau <b>concept<\/b> et une nouvelle <b>d\u00e9co<\/b>. Apr\u00e8s des mois de travaux intensifs, tout a \u00e9t\u00e9 repens\u00e9 de la cave au plafond avec un <b>nouvel agencement<\/b>, de nouveaux mat\u00e9riaux aux lignes \u00e9pur\u00e9es, une nouvelle distribution des espaces et surtout un droit d\u2019entr\u00e9e \u00e0 la <b>lumi\u00e8re<\/b> qui s\u2019approprie d\u00e9sormais la totalit\u00e9 des lieux.<\/p>\n<p>Une ambiance tranquille<\/p>\n<p class=\" wall-content\">Pendant que Ladislas s\u2019affaire au <b>comptoir<\/b>, \u00e0 la vente de tabac, du <b>PMU<\/b> et de la <b>Fran\u00e7aise des jeux<\/b>, c\u2019est Cindy qui d\u00e9crit comment fonctionne Le Duo.<\/p>\n<blockquote class=\"ac-article-quote wall-content\">\n<p>Nous avons voulu faire du Duo, au-del\u00e0 d\u2019un point commercial, surtout un endroit de convivialit\u00e9 repr\u00e9sentant un certain art de vivre au 21e si\u00e8cle.<\/p>\n<p>Cindy, g\u00e9rante du bar-tabac Le Duo<\/p><\/blockquote>\n<p class=\" wall-content\">C\u2019est dans cet esprit qu\u2019en partenariat avec le <b>restaurant voisin<\/b>, L\u2019Os \u00e0 moelle, une <b>carte <\/b>de cinq burgers qui donnent envie est propos\u00e9e aux <b>clients<\/b>. Avec ces services vari\u00e9s et son <b>ambiance<\/b>, Le Duo veut devenir l\u2019endroit o\u00f9 l\u2019on a envie de se poser, dans le calme, sans \u00eatre d\u00e9rang\u00e9. C\u2019est ce que confirmaient trois jeunes femmes, qui avaient eu envie \u00ab\u2009de se retrouver entre filles dans un endroit cool, o\u00f9 l\u2019on respecte leur <b>tranquillit\u00e9<\/b>.\u2009\u00bb<\/p>\n<p>Des projets<\/p>\n<p class=\" wall-content\">Quelques semaines apr\u00e8s l\u2019ouverture, Cindy \u00e9voque d\u00e9j\u00e0 des projets. Pour mieux retransmettre les <b>grands prix de moto<\/b> et les grands matches de rugby, comme ceux du Tournoi des Six nations, le couple est en train de terminer la <b>r\u00e9novation<\/b> d\u2019une salle situ\u00e9e au-dessus. Il sera m\u00eame possible de r\u00e9server et de <b>privatiser <\/b>cette salle pour des r\u00e9unions priv\u00e9es.<\/p>\n<p>Vid\u00e9os : en ce moment sur Actu<\/p>\n<p>Le Duo, 75 rue du Neubourg \u00e0 Elbeuf.\u00a0T\u00e9l\u2009: 02\u200935\u200905\u200912\u200960.\u00a0Horaires\u2009: de 6\u2009h\u200930 \u00e0 20\u2009h en semaine, sauf le mercredi, de 7\u2009h\u200930 \u00e0 13\u2009h le samedi et de 8\u2009h \u00e0 17\u2009h le dimanche.<\/p>\n<p class=\" wall-content\">Suivez toute l\u2019actualit\u00e9 de vos villes et m\u00e9dias favoris en vous inscrivant \u00e0 <a href=\"https:\/\/moncompte.actu.fr\" title=\"D\u00e9couvez Mon Actu\" rel=\"nofollow noopener\" data-trk=\"{&quot;cta&quot;:{&quot;action&quot;:&quot;https:\\\/\\\/moncompte.actu.fr&quot;,&quot;category&quot;:&quot;mon compte&quot;,&quot;from&quot;:&quot;article footer&quot;,&quot;name&quot;:&quot;Mon actu&quot;,&quot;type&quot;:&quot;cta&quot;}}\" target=\"_blank\">Mon Actu<\/a>.<\/p>\n","protected":false},"excerpt":{"rendered":"Par R\u00e9daction Elbeuf Publi\u00e9 le 3 ao\u00fbt 2025 \u00e0 21h35 Apr\u00e8s une longue fermeture de trois ans, le&hellip;\n","protected":false},"author":2,"featured_media":294406,"comment_status":"","ping_status":"","sticky":false,"template":"","format":"standard","meta":{"footnotes":""},"categories":[9587],"tags":[1111,11,215,1777,674,1011,27,12,5161,25,9590,104],"class_list":{"0":"post-294405","1":"post","2":"type-post","3":"status-publish","4":"format-standard","5":"has-post-thumbnail","7":"category-rouen","8":"tag-actu","9":"tag-actualites","10":"tag-commerce","11":"tag-eu","12":"tag-europe","13":"tag-fr","14":"tag-france","15":"tag-news","16":"tag-normandie","17":"tag-republique-francaise","18":"tag-rouen","19":"tag-societe"},"share_on_mastodon":{"url":"https:\/\/pubeurope.com\/@fr\/114967003961015993","error":""},"_links":{"self":[{"href":"https:\/\/www.europesays.com\/fr\/wp-json\/wp\/v2\/posts\/294405","targetHints":{"allow":["GET"]}}],"collection":[{"href":"https:\/\/www.europesays.com\/fr\/wp-json\/wp\/v2\/posts"}],"about":[{"href":"https:\/\/www.europesays.com\/fr\/wp-json\/wp\/v2\/types\/post"}],"author":[{"embeddable":true,"href":"https:\/\/www.europesays.com\/fr\/wp-json\/wp\/v2\/users\/2"}],"replies":[{"embeddable":true,"href":"https:\/\/www.europesays.com\/fr\/wp-json\/wp\/v2\/comments?post=294405"}],"version-history":[{"count":0,"href":"https:\/\/www.europesays.com\/fr\/wp-json\/wp\/v2\/posts\/294405\/revisions"}],"wp:featuredmedia":[{"embeddable":true,"href":"https:\/\/www.europesays.com\/fr\/wp-json\/wp\/v2\/media\/294406"}],"wp:attachment":[{"href":"https:\/\/www.europesays.com\/fr\/wp-json\/wp\/v2\/media?parent=294405"}],"wp:term":[{"taxonomy":"category","embeddable":true,"href":"https:\/\/www.europesays.com\/fr\/wp-json\/wp\/v2\/categories?post=294405"},{"taxonomy":"post_tag","embeddable":true,"href":"https:\/\/www.europesays.com\/fr\/wp-json\/wp\/v2\/tags?post=294405"}],"curies":[{"name":"wp","href":"https:\/\/api.w.org\/{rel}","templated":true}]}}