{"id":294408,"date":"2025-08-03T21:43:13","date_gmt":"2025-08-03T21:43:13","guid":{"rendered":"https:\/\/www.europesays.com\/fr\/294408\/"},"modified":"2025-08-03T21:43:13","modified_gmt":"2025-08-03T21:43:13","slug":"remplacement-de-deux-scanners-dans-les-centres-dimagerie-medicale-de-rennes","status":"publish","type":"post","link":"https:\/\/www.europesays.com\/fr\/294408\/","title":{"rendered":"Remplacement de deux scanners dans les centres d\u2019imagerie\u00a0m\u00e9dicale de Rennes"},"content":{"rendered":"<p>Deux des centres d\u2019imagerie m\u00e9dicale <a href=\"https:\/\/rennes.maville.com\/actu\/actudet_-ce-nouveau-centre-irm-et-scanner-vient-d-ouvrir-aux-portes-de-rennes-_7-6910453_actu.Htm\" target=\"_self\" rel=\"noopener\">du groupe Laennec<\/a>, celui de la <a href=\"https:\/\/rennes.maville.com\/actu\/actudet_-a-rennes-les-personnels-de-la-polyclinique-saint-laurent-manifestent-pour-les-salaires-_7-6538570_actu.Htm\" target=\"_self\" rel=\"noopener\">polyclinique Saint-Laurent<\/a> \u00e0 Rennes (<a href=\"https:\/\/www.ouest-france.fr\/\" target=\"_self\" rel=\"noopener\">Ille-et-Vilaine<\/a>) et celui du CHP de Saint-Gr\u00e9goire, remplaceront leur scanner au cours de l\u2019\u00e9t\u00e9 2025. Les nouveaux seront plus performants et permettront d\u2019\u00e9tablir un diagnostic plus pr\u00e9cis, notamment pour les maladies cardiaques et ORL.<\/p>\n<p>3\u00a0000\u00a0demandes de rendez-vous par jour<\/p>\n<p>En 2024, les centres Laennec <a href=\"https:\/\/rennes.maville.com\/actu\/actudet_-ce-nouveau-centre-irm-et-scanner-aux-portes-de-rennes-espere-reduire-les-delais-d-attente-_7-6914590_actu.Htm\" target=\"_self\" rel=\"noopener\">ont r\u00e9alis\u00e9<\/a> plus de 118\u00a0000\u00a0examens. <strong>\u00ab\u00a0On a une tr\u00e8s forte demande\u00a0: sur nos six centres confondus, on re\u00e7oit 3\u00a0000\u00a0appels par jour pour des demandes de rendez-vous\u00a0\u00bb<\/strong>, affirme Alexis Pattier, directeur de CIM Laennec.<\/p>\n<p>Avec un d\u00e9lai d\u2019attente moyen d\u2019une semaine pour un scanner, et d\u2019un \u00e0 deux mois pour une IRM, le groupe g\u00e9n\u00e9ralisera en septembre\u00a02025 la prise de rendez-vous en ligne \u2013 pour l\u2019instant en place dans les centres Canopia \u00e0 Cesson-S\u00e9vign\u00e9 et Locomoteur de l\u2019Ouest (Saint-Gr\u00e9goire). Elle se fera <a href=\"https:\/\/www.easydoct.com\/rdv\/gie-irldr-imagerie-rennes?officePlace=e3d30d46-dc74-4580-9358-941959d01388\" target=\"_self\" rel=\"noopener\">sur le site Easydoct<\/a>.<\/p>\n<p>\u00a0<\/p>\n","protected":false},"excerpt":{"rendered":"Deux des centres d\u2019imagerie m\u00e9dicale du groupe Laennec, celui de la polyclinique Saint-Laurent \u00e0 Rennes (Ille-et-Vilaine) et celui&hellip;\n","protected":false},"author":2,"featured_media":294409,"comment_status":"","ping_status":"","sticky":false,"template":"","format":"standard","meta":{"footnotes":""},"categories":[2821],"tags":[1111,11,829,12405,1777,674,1011,27,43437,36476,12,43435,584,25,43436],"class_list":{"0":"post-294408","1":"post","2":"type-post","3":"status-publish","4":"format-standard","5":"has-post-thumbnail","7":"category-rennes","8":"tag-actu","9":"tag-actualites","10":"tag-bretagne","11":"tag-centres","12":"tag-eu","13":"tag-europe","14":"tag-fr","15":"tag-france","16":"tag-imagerie","17":"tag-medicale","18":"tag-news","19":"tag-remplacement","20":"tag-rennes","21":"tag-republique-francaise","22":"tag-scanners"},"share_on_mastodon":{"url":"https:\/\/pubeurope.com\/@fr\/114967019779615723","error":""},"_links":{"self":[{"href":"https:\/\/www.europesays.com\/fr\/wp-json\/wp\/v2\/posts\/294408","targetHints":{"allow":["GET"]}}],"collection":[{"href":"https:\/\/www.europesays.com\/fr\/wp-json\/wp\/v2\/posts"}],"about":[{"href":"https:\/\/www.europesays.com\/fr\/wp-json\/wp\/v2\/types\/post"}],"author":[{"embeddable":true,"href":"https:\/\/www.europesays.com\/fr\/wp-json\/wp\/v2\/users\/2"}],"replies":[{"embeddable":true,"href":"https:\/\/www.europesays.com\/fr\/wp-json\/wp\/v2\/comments?post=294408"}],"version-history":[{"count":0,"href":"https:\/\/www.europesays.com\/fr\/wp-json\/wp\/v2\/posts\/294408\/revisions"}],"wp:featuredmedia":[{"embeddable":true,"href":"https:\/\/www.europesays.com\/fr\/wp-json\/wp\/v2\/media\/294409"}],"wp:attachment":[{"href":"https:\/\/www.europesays.com\/fr\/wp-json\/wp\/v2\/media?parent=294408"}],"wp:term":[{"taxonomy":"category","embeddable":true,"href":"https:\/\/www.europesays.com\/fr\/wp-json\/wp\/v2\/categories?post=294408"},{"taxonomy":"post_tag","embeddable":true,"href":"https:\/\/www.europesays.com\/fr\/wp-json\/wp\/v2\/tags?post=294408"}],"curies":[{"name":"wp","href":"https:\/\/api.w.org\/{rel}","templated":true}]}}