{"id":294416,"date":"2025-08-03T21:50:54","date_gmt":"2025-08-03T21:50:54","guid":{"rendered":"https:\/\/www.europesays.com\/fr\/294416\/"},"modified":"2025-08-03T21:50:54","modified_gmt":"2025-08-03T21:50:54","slug":"football-mercato-le-fc-nantes-negocie-pour-se-faire-preter-deux-joueurs-offensifs-sport-2","status":"publish","type":"post","link":"https:\/\/www.europesays.com\/fr\/294416\/","title":{"rendered":"Football. Mercato\u00a0: le FC Nantes n\u00e9gocie pour se faire pr\u00eater deux joueurs offensifs . Sport"},"content":{"rendered":"<p>Tr\u00e8s actif sur le march\u00e9 des transferts, surtout sur le plan des d\u00e9parts, le FC Nantes travaille aussi \u00e0 son recrutement. Ainsi, ce dimanche 3\u00a0ao\u00fbt 2025 la direction nantaise est en n\u00e9gociations avanc\u00e9es pour se faire pr\u00eater deux joueurs offensifs. Les deux avec option d\u2019achat fix\u00e9e, selon nos informations, \u00e0 4\u00a0millions d\u2019euros chacun.<\/p>\n<p>Deux jeunes joueurs offensifs sur le point d\u2019\u00eatre pr\u00eat\u00e9s avec option d\u2019achat<\/p>\n<p>La premi\u00e8re piste m\u00e8ne \u00e0 Mayckel Lahdo, comme indiqu\u00e9 sur les r\u00e9seaux sociaux par le bien inform\u00e9 Fabrizio Romano. L\u2019ailier su\u00e9dois de 22\u00a0ans appartient \u00e0 l\u2019AZ Alkmaar et a disput\u00e9 21\u00a0matches pour trois buts en championnat des Pays-Bas.<\/p>\n<p>\t<img decoding=\"async\" src=\"https:\/\/www.europesays.com\/fr\/wp-content\/uploads\/2025\/08\/P35388197D6923086G_px_640_.jpg\" alt=\"photo l\u2019attaquant amady camara pourrait lui aussi renforcer l\u2019attaque du fc nantes.  \u00a9  photo afp\" width=\"640\" title=\" L\u2019attaquant Amady Camara pourrait lui aussi renforcer l\u2019attaque du FC Nantes.   Photo AFP \"\/><\/p>\n<p class=\"elmt-legende\"> L\u2019attaquant Amady Camara pourrait lui aussi renforcer l\u2019attaque du FC Nantes.   Photo AFP <\/p>\n<p>La seconde piste m\u00e8ne \u00e0 un jeune attaquant Amady Camara (20\u00a0ans), qui joue \u00e0 Sturm Graz. Une information de Ouest-France que nous sommes, comme la premi\u00e8re, en mesure de confirmer. Cet avant-centre international malien gaucher (2\u00a0s\u00e9lections) \u00e9volue en Autriche depuis 2023 et il a remport\u00e9 deux titres nationaux.<\/p>\n<p>Recrutement \u00ab\u00a0international\u00a0\u00bb<\/p>\n<p>Les deux joueurs offensifs viendraient compl\u00e9ter un recrutement tr\u00e8s international pour les Canaris, <a href=\"https:\/\/nantes.maville.com\/sport\/detail_-les-coreens-kwon-et-hong-symboles-d-un-fc-nantes-new-look-_8-6921558_actu.Htm\" target=\"_blank\" rel=\"noopener\">apr\u00e8s les arriv\u00e9es des deux Cor\u00e9ens Kwon et Hong,<\/a> le Nig\u00e9rian Awaziem ou <a href=\"https:\/\/nantes.maville.com\/sport\/detail_-fc-nantes.-mercato-deja-fini-pour-uros-radakovic-_52716-6922529_actu.Htm\" target=\"_blank\" rel=\"noopener\">le Serbe Radakovic, pour sa part d\u00e9j\u00e0 sur le d\u00e9part.<\/a> Et renforcer une \u00e9quipe qui s\u2019est inclin\u00e9e lors des trois derniers de ses quatre matches de pr\u00e9paration,<a href=\"https:\/\/nantes.maville.com\/sport\/detail_-encore-en-apprentissage-le-jeune-fc-nantes-a-bute-sur-une-equipe-d-angers-plus-experimentee-_8-6922652_actu.Htm\" target=\"_blank\" rel=\"noopener\"> le dernier samedi \u00e0 Angers (1-0).<\/a><\/p>\n<p>\u00a0<\/p>\n","protected":false},"excerpt":{"rendered":"Tr\u00e8s actif sur le march\u00e9 des transferts, surtout sur le plan des d\u00e9parts, le FC Nantes travaille aussi&hellip;\n","protected":false},"author":2,"featured_media":293977,"comment_status":"","ping_status":"","sticky":false,"template":"","format":"standard","meta":{"footnotes":""},"categories":[2818],"tags":[1111,11,3809,1465,1777,674,63,1011,27,1792,1922,766,12,2636,25,479,517,1470],"class_list":{"0":"post-294416","1":"post","2":"type-post","3":"status-publish","4":"format-standard","5":"has-post-thumbnail","7":"category-nantes","8":"tag-actu","9":"tag-actualites","10":"tag-ball","11":"tag-basket","12":"tag-eu","13":"tag-europe","14":"tag-football","15":"tag-fr","16":"tag-france","17":"tag-handball","18":"tag-info","19":"tag-nantes","20":"tag-news","21":"tag-pays-de-la-loire","22":"tag-republique-francaise","23":"tag-rugby","24":"tag-sport","25":"tag-volley"},"share_on_mastodon":{"url":"https:\/\/pubeurope.com\/@fr\/114967051142809206","error":""},"_links":{"self":[{"href":"https:\/\/www.europesays.com\/fr\/wp-json\/wp\/v2\/posts\/294416","targetHints":{"allow":["GET"]}}],"collection":[{"href":"https:\/\/www.europesays.com\/fr\/wp-json\/wp\/v2\/posts"}],"about":[{"href":"https:\/\/www.europesays.com\/fr\/wp-json\/wp\/v2\/types\/post"}],"author":[{"embeddable":true,"href":"https:\/\/www.europesays.com\/fr\/wp-json\/wp\/v2\/users\/2"}],"replies":[{"embeddable":true,"href":"https:\/\/www.europesays.com\/fr\/wp-json\/wp\/v2\/comments?post=294416"}],"version-history":[{"count":0,"href":"https:\/\/www.europesays.com\/fr\/wp-json\/wp\/v2\/posts\/294416\/revisions"}],"wp:featuredmedia":[{"embeddable":true,"href":"https:\/\/www.europesays.com\/fr\/wp-json\/wp\/v2\/media\/293977"}],"wp:attachment":[{"href":"https:\/\/www.europesays.com\/fr\/wp-json\/wp\/v2\/media?parent=294416"}],"wp:term":[{"taxonomy":"category","embeddable":true,"href":"https:\/\/www.europesays.com\/fr\/wp-json\/wp\/v2\/categories?post=294416"},{"taxonomy":"post_tag","embeddable":true,"href":"https:\/\/www.europesays.com\/fr\/wp-json\/wp\/v2\/tags?post=294416"}],"curies":[{"name":"wp","href":"https:\/\/api.w.org\/{rel}","templated":true}]}}