{"id":294419,"date":"2025-08-03T21:53:15","date_gmt":"2025-08-03T21:53:15","guid":{"rendered":"https:\/\/www.europesays.com\/fr\/294419\/"},"modified":"2025-08-03T21:53:15","modified_gmt":"2025-08-03T21:53:15","slug":"voici-les-parcours-des-courses","status":"publish","type":"post","link":"https:\/\/www.europesays.com\/fr\/294419\/","title":{"rendered":"voici les parcours des courses"},"content":{"rendered":"<p>            Par<br \/>\n        <strong><br \/>\n            <a href=\"https:\/\/actu.fr\/auteur\/mareva-laville-actu-fr\" title=\"Consulter tous les articles de Mar\u00e9va Laville\" target=\"_blank\" rel=\"noopener\">Mar\u00e9va Laville<\/a><br \/>\n        <\/strong><\/p>\n<p>        Publi\u00e9 le<\/p>\n<p>            2 ao\u00fbt 2025 \u00e0 17h22        <\/p>\n<p>C\u2019est l\u2019\u00e9v\u00e9nement immanquable pour les sportifs de <a href=\"http:\/\/www.actu.fr\/toulouse\" target=\"_blank\" rel=\"noopener\">Toulouse\u2009<\/a>! Le <strong>Toulouse M\u00e9tropole Run Experience,<\/strong> plus commun\u00e9ment appel\u00e9 <strong>Marathon de Toulouse<\/strong>, aura lieu <strong>dimanche 2\u00a0novembre 2025<\/strong>. Et apr\u00e8s plusieurs mois de travail, l\u2019\u00e9quipe organisatrice a enfin r\u00e9v\u00e9l\u00e9 le parcours tant attendu du 42,5\u00a0km, mais aussi les autres courses, plus petites.<\/p>\n<p class=\" wall-content\">Et leur trac\u00e9 promet d\u2019\u00eatre \u00ab<strong>\u2009iconique<\/strong>\u2009\u00bb, a annonc\u00e9 l\u2019organisation\u2009! Pour les d\u00e9j\u00e0 20\u2009000 coureurs engag\u00e9s, l\u2019\u00e9quipe a concoct\u00e9 un parcours qui en mettra plein les yeux aux nouveaux venus, touristes, mais aussi amoureux de la Ville rose.<\/p>\n<p>Les lieux embl\u00e9matiques de Toulouse dans les yeux des coureurs<\/p>\n<p class=\" wall-content\">Au menu\u2009: Capitole, Cit\u00e9 de l\u2019Espace, Piste des G\u00e9ants, Pont Neuf, nouvelles passerelles, rue de Metz\u2026 Le <a href=\"http:\/\/actu.fr\/occitanie\/toulouse_31555\/pour-son-grand-retour-apres-cinq-ans-d-absence-le-marathon-de-toulouse-affiche-complet_61763825.html\" target=\"_blank\" rel=\"noopener\">Marathon de Toulouse<\/a>, qui <strong>partira \u00e0 8\u00a0heures des all\u00e9es Fran\u00e7ois Verdier,<\/strong> mettra en valeur les points d\u2019int\u00e9r\u00eat majeurs de la ville et au passage, les chantiers les plus importants des derni\u00e8res ann\u00e9es pilot\u00e9s par la Ville et M\u00e9tropole de Toulouse, tels que les <a href=\"https:\/\/actu.fr\/occitanie\/toulouse_31555\/toulouse-ces-deux-passerelles-pietonnes-et-cyclables-vont-ouvrir-sur-l-ile-du-ramier_61206656.html\" target=\"_blank\" rel=\"noopener\">passerelles menant \u00e0 l\u2019\u00eele du Ramier<\/a> ou encore la fameuse <a href=\"https:\/\/actu.fr\/occitanie\/toulouse_31555\/en-images-toulouse-apres-des-mois-de-travaux-cette-rue-du-centre-ville-devenue-pietonne-se-devoile_62809691.html\" target=\"_blank\" rel=\"noopener\">rue de Metz achev\u00e9e<\/a> il y a peu.<\/p>\n<p class=\" wall-content\">Le tout, avec un total de <strong>159\u00a0m\u00e8tres de d\u00e9nivel\u00e9.<\/strong><\/p>\n<p class=\" wall-content\">Deux versions seront propos\u00e9es aux marathoniens\u2009: la classique \u00e0 r\u00e9aliser seul, intitul\u00e9e <strong>\u00ab\u2009Marathon des G\u00e9ants\u2009\u00bb,<\/strong> et l\u2019option en \u00e9quipe, sous forme de <strong>relais<\/strong>, appel\u00e9e \u00ab\u2009Le relais des Pionniers de l\u2019A\u00e9ropostale\u2009\u00bb.<\/p>\n<p>Vid\u00e9os : en ce moment sur Actu<br \/>\n    <img   decoding=\"async\" loading=\"lazy\" src=\"https:\/\/www.europesays.com\/fr\/wp-content\/uploads\/2025\/08\/parcours-marathon-960x579.png\" alt=\"Voici le parcours du marathon de Toulouse \u00e0 parcourir solo ou en \u00e9quipe.\" width=\"960\" height=\"579\"\/><br \/>\n    Voici le parcours du marathon de Toulouse \u00e0 parcourir solo ou en \u00e9quipe. (\u00a9Capture d\u2019\u00e9cran Toulouse M\u00e9tropole Run Experience)Deux autres parcours inspir\u00e9s du marathon<\/p>\n<p class=\" wall-content\">Sur le parcours du marathon, l\u2019\u00e9quipe du Toulouse M\u00e9tropole Run Experience a pr\u00e9vu des animations tout au long des 42,5\u00a0km de marathon, mais aussi sur les plus petits circuits.<\/p>\n<p class=\" wall-content\">Deux autres courses de <strong>21,1\u00a0km pour le semi-marathon,<\/strong> et de <strong>10\u00a0km<\/strong>, sont programm\u00e9es le m\u00eame jour au d\u00e9part de 9h45 pour le premier et 13h pour le second. Rendez-vous, l\u00e0 aussi, aux all\u00e9es Fran\u00e7ois Verdier pour le top d\u00e9part.<\/p>\n<p class=\" wall-content\">Le \u00ab\u2009Semi sur la Garonne\u2009\u00bb, et ses 99\u00a0m de d\u00e9nivel\u00e9, fera notamment passer les coureurs par le<strong> jardin des plantes, la passerelle R. Poujade, et le jardin Raymond VI<\/strong>, au pied du mus\u00e9e des Abattoirs. Un parcours similaire aux \u00ab\u200910\u00a0km du Capitole\u2009\u00bb, mais en s\u2019ajoutant l\u2019\u00e9tape de l\u2019Oncopole en suppl\u00e9ment.<\/p>\n<p>    <img   decoding=\"async\" loading=\"lazy\" src=\"https:\/\/www.europesays.com\/fr\/wp-content\/uploads\/2025\/08\/capture-decran-2025-08-02-151420-960x542.png\" alt=\"A gauche, le trac\u00e9 du semi-marathon. A droite, celui du 10 km.\" width=\"960\" height=\"542\"\/><br \/>\n    A gauche, le trac\u00e9 du semi-marathon. A droite, celui du 10\u00a0km. (\u00a9Capture d\u2019\u00e9cran Toulouse M\u00e9tropole Run Experience)<\/p>\n<p class=\" wall-content\">\u00c0 vos chaussures, vous savez d\u00e9sormais o\u00f9 vous entra\u00eener\u2009!<\/p>\n<p><strong>Toulouse Run Experience<\/strong><br \/>\nDimanche 2\u00a0novembre 2025 \u00e0 Toulouse.<br \/><strong>Marathon des G\u00e9ants<\/strong> et Relais des pionniers de l\u2019a\u00e9ropostale, 42,5\u00a0km, d\u00e9part 8h. Prix\u2009: 70\u00a0\u20ac \/ 150\u20ac en \u00e9quipe.<br \/>\nSemi-marathon \u00ab<strong>\u2009Semi sur la Garonne\u2009\u00bb<\/strong>, d\u00e9part 9h45. Prix\u2009: 57\u20ac<br \/><strong>10\u00a0km du Capitole,<\/strong> d\u00e9part 13h. Prix\u2009: 32\u20ac.<br \/>\nInscriptions <a href=\"https:\/\/in.njuko.com\/toulouse-metropole-run-experience-2025?_gl=1*7xt3t4*_gcl_au*MjA2MDMwMDMxNC4xNzU0MTM5ODU2*_ga*MTMwNDY3MDk4Ny4xNzU0MTM5ODU2*_ga_Y0JV7VPKHZ*czE3NTQxMzk4NTUkbzEkZzEkdDE3NTQxMzk4NTgkajU3JGwwJGgw&amp;currentPage=select-competition\" target=\"_blank\" rel=\"noopener\">en ligne sur ce site.<\/a><\/p>\n<p class=\" wall-content\">Suivez toute l\u2019actualit\u00e9 de vos villes et m\u00e9dias favoris en vous inscrivant \u00e0 <a href=\"https:\/\/moncompte.actu.fr\" title=\"D\u00e9couvez Mon Actu\" rel=\"nofollow noopener\" data-trk=\"{&quot;cta&quot;:{&quot;action&quot;:&quot;https:\\\/\\\/moncompte.actu.fr&quot;,&quot;category&quot;:&quot;mon compte&quot;,&quot;from&quot;:&quot;article footer&quot;,&quot;name&quot;:&quot;Mon actu&quot;,&quot;type&quot;:&quot;cta&quot;}}\" target=\"_blank\">Mon Actu<\/a>.<\/p>\n","protected":false},"excerpt":{"rendered":"Par Mar\u00e9va Laville Publi\u00e9 le 2 ao\u00fbt 2025 \u00e0 17h22 C\u2019est l\u2019\u00e9v\u00e9nement immanquable pour les sportifs de Toulouse\u2009!&hellip;\n","protected":false},"author":2,"featured_media":294420,"comment_status":"","ping_status":"","sticky":false,"template":"","format":"standard","meta":{"footnotes":""},"categories":[2816],"tags":[1111,11,1777,674,1011,27,12,2680,25,60,2312,1090],"class_list":{"0":"post-294419","1":"post","2":"type-post","3":"status-publish","4":"format-standard","5":"has-post-thumbnail","7":"category-toulouse","8":"tag-actu","9":"tag-actualites","10":"tag-eu","11":"tag-europe","12":"tag-fr","13":"tag-france","14":"tag-news","15":"tag-occitanie","16":"tag-republique-francaise","17":"tag-sports","18":"tag-toulouse","19":"tag-toulouse-metropole"},"share_on_mastodon":{"url":"https:\/\/pubeurope.com\/@fr\/114967059143736667","error":""},"_links":{"self":[{"href":"https:\/\/www.europesays.com\/fr\/wp-json\/wp\/v2\/posts\/294419","targetHints":{"allow":["GET"]}}],"collection":[{"href":"https:\/\/www.europesays.com\/fr\/wp-json\/wp\/v2\/posts"}],"about":[{"href":"https:\/\/www.europesays.com\/fr\/wp-json\/wp\/v2\/types\/post"}],"author":[{"embeddable":true,"href":"https:\/\/www.europesays.com\/fr\/wp-json\/wp\/v2\/users\/2"}],"replies":[{"embeddable":true,"href":"https:\/\/www.europesays.com\/fr\/wp-json\/wp\/v2\/comments?post=294419"}],"version-history":[{"count":0,"href":"https:\/\/www.europesays.com\/fr\/wp-json\/wp\/v2\/posts\/294419\/revisions"}],"wp:featuredmedia":[{"embeddable":true,"href":"https:\/\/www.europesays.com\/fr\/wp-json\/wp\/v2\/media\/294420"}],"wp:attachment":[{"href":"https:\/\/www.europesays.com\/fr\/wp-json\/wp\/v2\/media?parent=294419"}],"wp:term":[{"taxonomy":"category","embeddable":true,"href":"https:\/\/www.europesays.com\/fr\/wp-json\/wp\/v2\/categories?post=294419"},{"taxonomy":"post_tag","embeddable":true,"href":"https:\/\/www.europesays.com\/fr\/wp-json\/wp\/v2\/tags?post=294419"}],"curies":[{"name":"wp","href":"https:\/\/api.w.org\/{rel}","templated":true}]}}