{"id":294425,"date":"2025-08-03T21:58:19","date_gmt":"2025-08-03T21:58:19","guid":{"rendered":"https:\/\/www.europesays.com\/fr\/294425\/"},"modified":"2025-08-03T21:58:19","modified_gmt":"2025-08-03T21:58:19","slug":"timothy-weah-va-enfin-signer-a-marseille","status":"publish","type":"post","link":"https:\/\/www.europesays.com\/fr\/294425\/","title":{"rendered":"Timothy Weah va enfin signer \u00e0 Marseille"},"content":{"rendered":"<p style=\"text-align: justify;\"><strong>TRANSFERTS \u2013 Selon <a href=\"https:\/\/x.com\/FabrizioRomano\/status\/1951940745000030457\">Fabrizio Romano<\/a>, Marseille et la Juventus ont enfin trouv\u00e9 un accord pour le transfert de Timothy Weah.\u00a0<\/strong><\/p>\n<p style=\"text-align: justify;\">Cette semaine, l\u2019Olympique de Marseille a finalis\u00e9 deux nouvelles recrues. D\u2019abord, <strong>Pierre-Emerick<\/strong> <strong>Aubameyang<\/strong> a fait son retour et club, et a m\u00eame d\u00e9j\u00e0 fait ses d\u00e9buts lors du match amical face au <strong>FC<\/strong> <strong>S\u00e9ville<\/strong>. Le lendemain, c\u2019est le Br\u00e9silien <strong>Igor<\/strong> <strong>Paixao<\/strong> qui a paraph\u00e9 son contrat apr\u00e8s de longues n\u00e9gociations avec le Feyenoord pour son transfert.<\/p>\n<p><a href=\"https:\/\/dicodusport.fr\/blog\/transferts-om-igor-paixao-va-signer-a-marseille\/\" class=\"vlp-link\" title=\"Transferts OM : Igor Paixao va signer \u00e0 Marseille\" target=\"_blank\" rel=\"noopener\"><img loading=\"lazy\" decoding=\"async\" style=\"max-width: 792px;\" width=\"792\" height=\"445\" class=\"attachment-800x445 size-800x445 perfmatters-lazy\" alt=\"\" src=\"https:\/\/www.europesays.com\/fr\/wp-content\/uploads\/2025\/08\/Transferts-OM-Igor-Paixao-va-signer-a-Marseille.png\"  data-\/><\/p>\n<p>Transferts OM : Igor Paixao va signer \u00e0 Marseille<\/p>\n<p>TRANSFERTS &#8211; Selon L\u2019\u00c9quipe, Feyenoord et Marseille ont enfin trouv\u00e9 un accord pour le transfert d\u2019Igor Paixao.\u00a0<\/p>\n<p>Lire l&rsquo;article<\/p>\n<p>dicodusport.fr<\/p>\n<p>Timothy Weah enfin \u00e0 l\u2019OM<\/p>\n<p style=\"text-align: justify;\">Mais il restait encore un dossier avanc\u00e9 et en suspens, celui de <strong>Timothy<\/strong> <strong>Weah<\/strong>, annonc\u00e9 \u00e0 un pas de l\u2019Olympique de Marseille depuis plusieurs semaines. Les deux clubs ne parvenaient pas \u00e0 trouver un accord sur le montant du transfert, si bien que l\u2019agent du joueur avait m\u00eame fait une sortie publique. Mais apr\u00e8s de longues n\u00e9gociations, ce feuilleton va avoir une fin heureuse.<\/p>\n<p style=\"text-align: justify;\">La <strong>Juventus<\/strong> et l\u2019<strong>Olympique de Marseille<\/strong> sont tomb\u00e9s d\u2019accord pour un pr\u00eat avec obligation d\u2019achat. Les <strong>Phoc\u00e9ens<\/strong> vont payer 1 million d\u2019euros pour le pr\u00eat, avec une obligation d\u2019achat \u00e0 14 millions d\u2019euros. 3 millions de bonus sont aussi pr\u00e9vus en fonction de diff\u00e9rents crit\u00e8res. L\u2019<strong>OM<\/strong> pourrait donc d\u00e9penser 18 millions d\u2019euros pour s\u2019offrir <strong>Timothy<\/strong> <strong>Weah<\/strong>, un peu moins que les 20 millions r\u00e9clam\u00e9s par la Vieille Dame il y a quelques jours.<\/p>\n<p>\u00c0 ce sujet<br \/>\n<a href=\"https:\/\/dicodusport.fr\/blog\/mercato-om-2025-2026-le-tableau-complet-des-transferts-arrivees-et-departs\/\" class=\"vlp-link\" title=\"Mercato OM 2025-2026 : Le tableau complet des transferts, arriv\u00e9es et d\u00e9parts\" target=\"_blank\" rel=\"noopener\"><img loading=\"lazy\" decoding=\"async\" style=\"max-width: 792px;\" width=\"792\" height=\"445\" class=\"attachment-800x445 size-800x445 perfmatters-lazy\" alt=\"Mercato OM 2025-2026 Le tableau complet des transferts, arriv\u00e9es et d\u00e9parts\" src=\"https:\/\/www.europesays.com\/fr\/wp-content\/uploads\/2025\/06\/Mercato-OM-2025-2026-Le-tableau-complet-des-transferts-arrivees-et-departs.png\"  data-\/><\/p>\n<p>Mercato OM 2025-2026 : Le tableau complet des transferts, arriv\u00e9es et d\u00e9parts<\/p>\n<p>TRANSFERTS OM &#8211; Retrouvez tous les mouvements de l&rsquo;Olympique de Marseille pour l&rsquo;intersaison 2025 en Ligue 1. Arriv\u00e9es, d\u00e9part, pr\u00eats, transferts d\u00e9finitifs, ne ratez rien du mercato estival.\u00a0<\/p>\n<p>Lire l&rsquo;article<\/p>\n<p>dicodusport.fr<\/p>\n","protected":false},"excerpt":{"rendered":"TRANSFERTS \u2013 Selon Fabrizio Romano, Marseille et la Juventus ont enfin trouv\u00e9 un accord pour le transfert de&hellip;\n","protected":false},"author":2,"featured_media":294426,"comment_status":"","ping_status":"","sticky":false,"template":"","format":"standard","meta":{"footnotes":""},"categories":[2814],"tags":[1111,11,2113,1777,674,1011,27,884,23100,12,149,882,25],"class_list":{"0":"post-294425","1":"post","2":"type-post","3":"status-publish","4":"format-standard","5":"has-post-thumbnail","7":"category-marseille","8":"tag-actu","9":"tag-actualites","10":"tag-breve","11":"tag-eu","12":"tag-europe","13":"tag-fr","14":"tag-france","15":"tag-marseille","16":"tag-mercato-football","17":"tag-news","18":"tag-om","19":"tag-provence-alpes-cote-dazur","20":"tag-republique-francaise"},"share_on_mastodon":{"url":"https:\/\/pubeurope.com\/@fr\/114967078842328209","error":""},"_links":{"self":[{"href":"https:\/\/www.europesays.com\/fr\/wp-json\/wp\/v2\/posts\/294425","targetHints":{"allow":["GET"]}}],"collection":[{"href":"https:\/\/www.europesays.com\/fr\/wp-json\/wp\/v2\/posts"}],"about":[{"href":"https:\/\/www.europesays.com\/fr\/wp-json\/wp\/v2\/types\/post"}],"author":[{"embeddable":true,"href":"https:\/\/www.europesays.com\/fr\/wp-json\/wp\/v2\/users\/2"}],"replies":[{"embeddable":true,"href":"https:\/\/www.europesays.com\/fr\/wp-json\/wp\/v2\/comments?post=294425"}],"version-history":[{"count":0,"href":"https:\/\/www.europesays.com\/fr\/wp-json\/wp\/v2\/posts\/294425\/revisions"}],"wp:featuredmedia":[{"embeddable":true,"href":"https:\/\/www.europesays.com\/fr\/wp-json\/wp\/v2\/media\/294426"}],"wp:attachment":[{"href":"https:\/\/www.europesays.com\/fr\/wp-json\/wp\/v2\/media?parent=294425"}],"wp:term":[{"taxonomy":"category","embeddable":true,"href":"https:\/\/www.europesays.com\/fr\/wp-json\/wp\/v2\/categories?post=294425"},{"taxonomy":"post_tag","embeddable":true,"href":"https:\/\/www.europesays.com\/fr\/wp-json\/wp\/v2\/tags?post=294425"}],"curies":[{"name":"wp","href":"https:\/\/api.w.org\/{rel}","templated":true}]}}