{"id":294430,"date":"2025-08-03T22:03:12","date_gmt":"2025-08-03T22:03:12","guid":{"rendered":"https:\/\/www.europesays.com\/fr\/294430\/"},"modified":"2025-08-03T22:03:12","modified_gmt":"2025-08-03T22:03:12","slug":"ce-quil-ne-fallait-pas-manquer-de-lactualite-du-week-end","status":"publish","type":"post","link":"https:\/\/www.europesays.com\/fr\/294430\/","title":{"rendered":"Ce qu\u2019il ne fallait pas manquer de l\u2019actualit\u00e9 du week-end"},"content":{"rendered":"<p>               Gaza\u00a0: le Hamas diffuse des vid\u00e9os d\u2019otages isra\u00e9liens                       <img loading=\"lazy\" decoding=\"async\" src=\"https:\/\/www.europesays.com\/fr\/wp-content\/uploads\/2025\/08\/02b8b25_ftp-import-images-1-oxz22mdpkotp-2025-07-26t175655z-2139647760-rc2hufab51kh-rtrmadp-3-israel.jpeg\" alt=\"Une manifestation pour demander la lib\u00e9ration de tous les otages retenus par le Hamas et la fin de la guerre dans la bande de Gaza, en juillet 2025, \u00e0 Tel-Aviv.\"   width=\"664\" height=\"443\"\/>    Une manifestation pour demander la lib\u00e9ration de tous les otages retenus par le Hamas et la fin de la guerre dans la bande de Gaza, en juillet 2025, \u00e0 Tel-Aviv.  RONEN ZVULUN \/ REUTERS                   <\/p>\n<p class=\"article__paragraph  \">Le Hamas a diffus\u00e9, vendredi\u00a01er et samedi 2\u00a0ao\u00fbt, des vid\u00e9os<strong> <\/strong>d\u2019otages isra\u00e9liens, identifi\u00e9s par les m\u00e9dias isra\u00e9liens comme Evyatar David et Rom Braslavski.\u00a0Les otages y apparaissent amaigris et visiblement affaiblis, d\u00e9tenus dans un tunnel. La mise en sc\u00e8ne des enregistrements vise \u00e0 faire le parall\u00e8le avec la situation humanitaire actuelle dans la bande de Gaza et insiste, avec l\u2019image d\u2019un sablier, sur la n\u00e9cessit\u00e9 de trouver une solution au plus vite si Isra\u00ebl veut sauver la vie des captifs. Le premier ministre isra\u00e9lien, Benyamin N\u00e9tanyahou, a exprim\u00e9 dimanche sa \u00ab\u00a0profonde consternation\u00a0\u00bb.<\/p>\n<p class=\"article__paragraph  \">La famille de Evyatar David a appel\u00e9 \u00ab\u00a0le gouvernement isra\u00e9lien, le peuple isra\u00e9lien, les nations du monde et le pr\u00e9sident des Etats-Unis \u00e0 faire tout leur possible pour sauver Evyatar de la mort et \u00e0 veiller, par tous les moyens n\u00e9cessaires, \u00e0 ce qu\u2019il re\u00e7oive d\u2019urgence de la nourriture et des soins\u00a0\u00bb. Sur les 251\u00a0personnes enlev\u00e9es le 7\u00a0octobre\u00a02023, 49\u00a0restent retenues \u00e0 Gaza dont 27 d\u00e9clar\u00e9es mortes par l\u2019arm\u00e9e.<\/p>\n<p>                                Lire aussi |  <a href=\"https:\/\/www.lemonde.fr\/international\/live\/2025\/08\/02\/en-direct-gaza-jean-noel-barrot-condamne-des-images-ignobles-et-insupportables-apres-la-diffusion-par-le-hamas-d-une-deuxieme-video-de-l-otage-israelien-evyatar-david_6624772_3210.html\" class=\"js-article-read-also catcher--favoris__link\" data-premium=\"\" id=\"article-title-3432957\" rel=\"nofollow noopener\" target=\"_blank\">En direct, Gaza\u00a0: le Hamas conditionne l\u2019acc\u00e8s de la Croix-Rouge aux otages \u00e0 l\u2019ouverture des couloirs humanitaires, apr\u00e8s la demande de Benyamin N\u00e9tanyahou<\/a>    <\/p>\n<p>   Lire plus tard  <\/p>\n<p>                   Pauline Ferrand-Pr\u00e9vot remporte le Tour de France Femmes                       <img loading=\"lazy\" decoding=\"async\" src=\"https:\/\/www.europesays.com\/fr\/wp-content\/uploads\/2025\/08\/a227615_ftp-import-images-1-pjpc6dos7xxc-a86250ffb65f4093830907210943bda0-0-320165edbda84b028ab2dd5a.jpeg\" alt=\"De gauche \u00e0 droite\u00a0: Demi Vollering (Pays-Bas), Pauline Ferrand-Pr\u00e9vot (France) et Kasia Niewiadoma-Phinney (Pologne), apr\u00e8s la 9e\u00a0\u00e9tape de la 4e\u00a0\u00e9dition du Tour de France f\u00e9minin, \u00e0 Chatel, le 3\u00a0ao\u00fbt\u00a02025.\"   width=\"664\" height=\"443\"\/>    De gauche \u00e0 droite\u00a0: Demi Vollering (Pays-Bas), Pauline Ferrand-Pr\u00e9vot (France) et Kasia Niewiadoma-Phinney (Pologne), apr\u00e8s la 9e\u00a0\u00e9tape de la 4e\u00a0\u00e9dition du Tour de France f\u00e9minin, \u00e0 Chatel, le 3\u00a0ao\u00fbt\u00a02025.  JEAN-CHRISTOPHE BOTT \/ AP                   <\/p>\n<p class=\"article__paragraph  \">Au terme de neuf\u00a0jours de course, Pauline Ferrand-Pr\u00e9vot a remport\u00e9 le Tour de France Femmes, dimanche \u00e0 Ch\u00e2tel (Haute-Savoie), o\u00f9 elle a enlev\u00e9 en solitaire la derni\u00e8re \u00e9tape. La Fran\u00e7aise, 33\u00a0ans, championne olympique de VTT il y a un peu plus d\u2019un an aux Jeux de Paris 2024, succ\u00e8de au palmar\u00e8s \u00e0 la Polonaise Katarzyna Niewiadoma et met fin \u00e0 trente-six\u00a0ann\u00e9es de disette tricolore apr\u00e8s le dernier sacre de Jeannie Longo en\u00a01989. \u00ab\u00a0C\u2019\u00e9tait tellement difficile [cette \u00e9tape]. Je voulais gagner ici avec le maillot jaune. C\u2019est un r\u00eave\u00a0\u00bb, a-t-elle d\u00e9clar\u00e9 apr\u00e8s avoir franchi la ligne d\u2019arriv\u00e9e, s\u2019offrant au passage une deuxi\u00e8me victoire d\u2019\u00e9tape apr\u00e8s son succ\u00e8s la veille au sommet du col de la Madeleine, o\u00f9 elle s\u2019est empar\u00e9e du maillot jaune.<\/p>\n<p class=\"article__paragraph  \">La seconde place du podium est occup\u00e9e par la N\u00e9erlandaise Demi Vollering, qui pointe \u00e0 3\u00a0minutes et 42\u00a0secondes et la troisi\u00e8me place revient \u00e0 Katarzyna Niewiadoma \u00e0 4\u00a0minutes et 9\u00a0secondes. La Fran\u00e7aise Juliette Labous se classe septi\u00e8me.<\/p>\n<p>             A Singapour, L\u00e9on Marchand devient septuple champion du monde\u00a0; la France \u00e0 la troisi\u00e8me place des Mondiaux de natation                       <img loading=\"lazy\" decoding=\"async\" src=\"https:\/\/www.europesays.com\/fr\/wp-content\/uploads\/2025\/08\/df7c7d7_upload-1-naj3ry4y4khu-000-68mq7be.jpg\" alt=\"L\u00e9on Marchand lors de la finale du 400\u00a0m 4\u00a0nages, \u00e0 Singapour, le 3\u00a0ao\u00fbt 2025.\"   width=\"664\" height=\"443\"\/>    L\u00e9on Marchand lors de la finale du 400\u00a0m 4\u00a0nages, \u00e0 Singapour, le 3\u00a0ao\u00fbt 2025.  FRANCOIS-XAVIER MARIT \/ AFP                   <\/p>\n<p class=\"article__paragraph  \">Les nageurs fran\u00e7ais se sont illustr\u00e9s aux championnats du monde de natation \u00e0 Singapour, qui ont pris fin dimanche. La France termine sur la troisi\u00e8me marche du podium,<strong> <\/strong>avec quatre titres, derri\u00e8re les Etats-Unis (9) et l\u2019Australie (8). Un an apr\u00e8s <a href=\"https:\/\/www.lemonde.fr\/sport\/article\/2025\/07\/26\/leon-marchand-dans-une-tempete-positive-des-jeux-de-paris-2024-aux-mondiaux-de-singapour_6624415_3242.html\" rel=\"nofollow noopener\" target=\"_blank\">ses quatre m\u00e9dailles d\u2019or aux Jeux olympiques<\/a>, L\u00e9on Marchand a remport\u00e9 dimanche son deuxi\u00e8me titre plan\u00e9taire de la semaine, en dominant la finale du 400\u00a0m 4\u00a0nages. A 23\u00a0ans, le Fran\u00e7ais est d\u00e9sormais septuple champion du monde en individuel et en grand bassin, <a href=\"https:\/\/www.lemonde.fr\/sport\/article\/2025\/07\/30\/leon-marchand-bat-le-record-du-monde-du-200-m-4-nages-lors-des-demi-finales-des-mondiaux-de-natation_6625535_3242.html\" rel=\"nofollow noopener\" target=\"_blank\">apr\u00e8s avoir battu mercredi le record du monde du 200\u00a0m 4\u00a0nages<\/a> avec un temps de 1\u00a0min\u00a052 et 69\u00a0centi\u00e8mes.<\/p>\n<p class=\"article__paragraph  \">Peu de temps apr\u00e8s sa finale individuelle de dimanche, le \u00ab\u00a0roi L\u00e9on\u00a0\u00bb, Maxime Grousset, Yohann Ndoye-Brouard et Yann Le Goff ont remport\u00e9 la m\u00e9daille d\u2019argent sur le relais 4\u00a0x 100\u00a0m 4\u00a0nages. A 26\u00a0ans et d\u00e9j\u00e0 champion du monde sur 50\u00a0m papillon cinq jours auparavant, Maxime Grousset a d\u00e9croch\u00e9 samedi la m\u00e9daille d\u2019or sur 100\u00a0m papillon.<\/p>\n<p>                                Lire aussi |  Article r\u00e9serv\u00e9 \u00e0 nos abonn\u00e9s  <a href=\"https:\/\/www.lemonde.fr\/sport\/article\/2025\/08\/03\/leon-marchand-desormais-septuple-champion-du-monde-aspire-a-sortir-de-sa-zone-de-confort-pour-durer_6626410_3242.html\" class=\"js-article-read-also catcher--favoris__link\" data-premium=\"1\" id=\"article-title-3433549\" rel=\"nofollow noopener\" target=\"_blank\">L\u00e9on Marchand, d\u00e9sormais septuple champion du monde, aspire \u00e0 \u00ab\u00a0sortir de sa zone de confort\u00a0\u00bb pour durer<\/a>    <\/p>\n<p>   Lire plus tard  <\/p>\n<p>                   L\u2019Ukraine lance des attaques de drones contre des raffineries et des entreprises industrialo-militaires russes                       <img loading=\"lazy\" decoding=\"async\" src=\"https:\/\/www.europesays.com\/fr\/wp-content\/uploads\/2025\/08\/32834c5_ftp-import-images-1-t1dsej71rm6v-2025-07-28t060049z-18356124-rc21tdag6sb1-rtrmadp-3-ukraine-.jpeg\" alt=\"Un pilote de drone ukrainien, pr\u00e8s du front vers la ville de Pokrovsk, en avril 2025.\"   width=\"664\" height=\"443\"\/>    Un pilote de drone ukrainien, pr\u00e8s du front vers la ville de Pokrovsk, en avril 2025.  VIOLETA SANTOS MOURA \/ REUTERS                   <\/p>\n<p class=\"article__paragraph  \">Des attaques de drones lanc\u00e9es par l\u2019Ukraine ont vis\u00e9 samedi et dimanche des raffineries et des entreprises du complexe militaro-industriel russe. Deux raffineries ont \u00e9t\u00e9 touch\u00e9es, ainsi qu\u2019une usine de carburants et de lubrifiants, dans l\u2019oblast de Voronej, et une autre entreprise militaire dans l\u2019oblast de Penza. Le Service de s\u00e9curit\u00e9 de l\u2019Ukraine (SBU) a aussi dit samedi avoir touch\u00e9 un terrain militaire \u00e0 Krasnodar, qui, selon lui, abritait des sites de stockage et de lancement de drones de type Shahed, utilis\u00e9s par la Russie pour attaquer l\u2019Ukraine. Dimanche, un r\u00e9servoir de carburant \u00e9tait en feu dans un d\u00e9p\u00f4t p\u00e9trolier du ra\u00efon d\u2019Adler, selon le maire de Sotchi, et le trafic a\u00e9rien de l\u2019a\u00e9roport de la ville a \u00e9t\u00e9 interrompu pendant un moment.<\/p>\n<p class=\"article__paragraph  \">Les attaques ukrainiennes de samedi ont fait au moins trois\u00a0morts. Une personne est morte dans l\u2019oblast de Rostov. Dans l\u2019oblast de Penza, une femme a \u00e9t\u00e9 tu\u00e9e et deux\u00a0personnes ont \u00e9t\u00e9 bless\u00e9es, dans une attaque de drone. Enfin, dans l\u2019oblast de Samara, o\u00f9 se trouve la raffinerie de Novokou\u00efbychevsk, un habitant \u00e2g\u00e9 a \u00e9t\u00e9 touch\u00e9 mortellement par des d\u00e9bris de drones.<\/p>\n<p>                                Lire aussi |  <a href=\"https:\/\/www.lemonde.fr\/international\/live\/2025\/08\/03\/en-direct-guerre-en-ukraine-volodymyr-zelensky-annonce-qu-une-liste-de-noms-est-en-train-d-etre-etablie-pour-un-echange-de-1-200-prisonniers-avec-la-russie_6626390_3210.html\" class=\"js-article-read-also catcher--favoris__link\" data-premium=\"\" id=\"article-title-3433539\" rel=\"nofollow noopener\" target=\"_blank\">En direct, guerre en Ukraine\u00a0: les derni\u00e8res informations<\/a>    <\/p>\n<p>   Lire plus tard  <\/p>\n<p>                   A Rome, plus d\u2019un million de jeunes p\u00e8lerins pour une messe c\u00e9l\u00e9br\u00e9e en plein air par le pape L\u00e9on XIV                       <img loading=\"lazy\" decoding=\"async\" src=\"https:\/\/www.europesays.com\/fr\/wp-content\/uploads\/2025\/08\/c0243bd_ftp-import-images-1-78wwgmlgyaxm-2025-08-02t220620z-971246958-rc25zfa7dtt2-rtrmadp-3-pope-ho.jpeg\" alt=\"Le pape L\u00e9on XIV salue une foule de fid\u00e8les lors du jubil\u00e9 des jeunes, \u00e0 Rome, le 2\u00a0ao\u00fbt 2025.\"   width=\"664\" height=\"443\"\/>    Le pape L\u00e9on XIV salue une foule de fid\u00e8les lors du jubil\u00e9 des jeunes, \u00e0 Rome, le 2\u00a0ao\u00fbt 2025.  SIMONE RISOLUTI \/ VIA REUTERS                   <\/p>\n<p class=\"article__paragraph  \">Le pape L\u00e9on\u00a0XIV a c\u00e9l\u00e9br\u00e9, dimanche, \u00e0 Rome une messe en plein air devant plus d\u2019un million de jeunes p\u00e8lerins, en cl\u00f4ture du jubil\u00e9 des jeunes, qui a attir\u00e9 des catholiques du monde entier. \u00ab\u00a0Nous sommes avec les jeunes de Gaza. Nous sommes avec les jeunes d\u2019Ukraine, avec ceux de tous les pays ensanglant\u00e9s par la guerre\u00a0\u00bb, a d\u00e9clar\u00e9 le souverain pontife aux jeunes fid\u00e8les. \u00ab\u00a0Mes jeunes fr\u00e8res et s\u0153urs, vous \u00eates le signe qu\u2019un monde diff\u00e9rent est possible, un monde de fraternit\u00e9 et d\u2019amiti\u00e9 o\u00f9 les conflits ne sont pas r\u00e9solus par les armes mais par le dialogue\u00a0\u00bb, a-t-il ajout\u00e9.<\/p>\n<p> Suivez-nous sur WhatsApp  <\/p>\n<p> <a href=\"https:\/\/www.whatsapp.com\/channel\/0029Va5zhNKCHDyitjj9ut0u\" class=\"inread__link js-services-inread-link\" target=\"_blank\" rel=\"nofollow noopener\">  <\/p>\n<p>Restez inform\u00e9s<\/p>\n<p>Retrouvez la s\u00e9lection de la r\u00e9daction sur notre cha\u00eene<\/p>\n<p>Rejoindre<\/p>\n<p> <\/a>         <\/p>\n<p class=\"article__paragraph  \">Les c\u00e9l\u00e9brations, qui ont dur\u00e9 une semaine, s\u2019ach\u00e8vent dimanche, point culminant de l\u2019ann\u00e9e sainte du jubil\u00e9, au lendemain d<a href=\"https:\/\/www.lemonde.fr\/religions\/article\/2025\/08\/02\/a-rome-leon-xiv-preside-une-veillee-de-priere-geante-devant-des-centaines-de-milliers-de-jeunes_6626327_1653131.html\" rel=\"nofollow noopener\" target=\"_blank\">\u2019une veill\u00e9e g\u00e9ante sur l\u2019esplanade du quartier de Tor Vergata, en p\u00e9riph\u00e9rie de la ville.<\/a> Samedi soir, avant la veill\u00e9e, les organisateurs ont fait \u00e9tat de la pr\u00e9sence de 800\u00a0000\u00a0personnes. Dimanche, le Vatican a annonc\u00e9 que ce nombre \u00e9tait pass\u00e9 \u00e0 un million de personnes.<\/p>\n<p>                                Lire aussi |  <a href=\"https:\/\/www.lemonde.fr\/religions\/article\/2025\/08\/03\/a-rome-plus-d-un-million-de-personnes-rassemblees-pour-la-messe-de-cloture-du-jubile-du-pape-leon-xiv_6626401_1653130.html\" class=\"js-article-read-also catcher--favoris__link\" data-premium=\"\" id=\"article-title-3433551\" rel=\"nofollow noopener\" target=\"_blank\">A Rome, plus d\u2019un million de personnes rassembl\u00e9es pour la messe de cl\u00f4ture du Jubil\u00e9 des jeunes du pape L\u00e9on XIV<\/a>    <\/p>\n<p>   Lire plus tard  <\/p>\n<p class=\"author__detail\">  Le Monde  <\/p>\n<p>                  <a href=\"https:\/\/www.lemonde.fr\/syndication\/\" class=\"reuse__content\" title=\"R\u00e9utiliser ce contenu\" target=\"_blank\" rel=\"nofollow noopener\">R\u00e9utiliser ce contenu<\/a>      <\/p>\n","protected":false},"excerpt":{"rendered":"Gaza\u00a0: le Hamas diffuse des vid\u00e9os d\u2019otages isra\u00e9liens Une manifestation pour demander la lib\u00e9ration de tous les otages&hellip;\n","protected":false},"author":2,"featured_media":294431,"comment_status":"","ping_status":"","sticky":false,"template":"","format":"standard","meta":{"footnotes":""},"categories":[1888],"tags":[1111,1928,11,1927,1777,674,1011,27,12,1926,626,1925,25],"class_list":{"0":"post-294430","1":"post","2":"type-post","3":"status-publish","4":"format-standard","5":"has-post-thumbnail","7":"category-paris","8":"tag-actu","9":"tag-actu-paris","10":"tag-actualites","11":"tag-actualites-paris","12":"tag-eu","13":"tag-europe","14":"tag-fr","15":"tag-france","16":"tag-news","17":"tag-news-paris","18":"tag-paris","19":"tag-paris-news","20":"tag-republique-francaise"},"share_on_mastodon":{"url":"https:\/\/pubeurope.com\/@fr\/114967098565238296","error":""},"_links":{"self":[{"href":"https:\/\/www.europesays.com\/fr\/wp-json\/wp\/v2\/posts\/294430","targetHints":{"allow":["GET"]}}],"collection":[{"href":"https:\/\/www.europesays.com\/fr\/wp-json\/wp\/v2\/posts"}],"about":[{"href":"https:\/\/www.europesays.com\/fr\/wp-json\/wp\/v2\/types\/post"}],"author":[{"embeddable":true,"href":"https:\/\/www.europesays.com\/fr\/wp-json\/wp\/v2\/users\/2"}],"replies":[{"embeddable":true,"href":"https:\/\/www.europesays.com\/fr\/wp-json\/wp\/v2\/comments?post=294430"}],"version-history":[{"count":0,"href":"https:\/\/www.europesays.com\/fr\/wp-json\/wp\/v2\/posts\/294430\/revisions"}],"wp:featuredmedia":[{"embeddable":true,"href":"https:\/\/www.europesays.com\/fr\/wp-json\/wp\/v2\/media\/294431"}],"wp:attachment":[{"href":"https:\/\/www.europesays.com\/fr\/wp-json\/wp\/v2\/media?parent=294430"}],"wp:term":[{"taxonomy":"category","embeddable":true,"href":"https:\/\/www.europesays.com\/fr\/wp-json\/wp\/v2\/categories?post=294430"},{"taxonomy":"post_tag","embeddable":true,"href":"https:\/\/www.europesays.com\/fr\/wp-json\/wp\/v2\/tags?post=294430"}],"curies":[{"name":"wp","href":"https:\/\/api.w.org\/{rel}","templated":true}]}}