{"id":294443,"date":"2025-08-03T22:10:31","date_gmt":"2025-08-03T22:10:31","guid":{"rendered":"https:\/\/www.europesays.com\/fr\/294443\/"},"modified":"2025-08-03T22:10:31","modified_gmt":"2025-08-03T22:10:31","slug":"ce-quattendent-les-britanniques-de-la-nouvelle-annee","status":"publish","type":"post","link":"https:\/\/www.europesays.com\/fr\/294443\/","title":{"rendered":"Ce qu\u2019attendent les Britanniques de la nouvelle ann\u00e9e"},"content":{"rendered":"<p class=\"PopSlotParagraph qg-tx2 qg-xtra-lh svelte-1r0pyek\">Il y a ce qu\u2019ils redoutent et ce qu\u2019ils esp\u00e8rent quand Big Ben sonnera les douze coups de minuit.<\/p>\n<p class=\"PopSlotParagraph qg-tx2 qg-xtra-lh svelte-1r0pyek\">Ce qu\u2019ils redoutent, comme d\u2019autres, c\u2019est ce que\u00a0<a href=\"https:\/\/www.radiofrance.fr\/personnes\/donald-trump\" class=\"\" data-testid=\"link\" rel=\"nofollow noopener\" target=\"_blank\">Donald Trump<\/a>\u00a0compte entreprendre. Et en particulier son acolyte\u00a0<a href=\"https:\/\/www.radiofrance.fr\/personnes\/elon-musk\" class=\"\" data-testid=\"link\" rel=\"nofollow noopener\" target=\"_blank\">Elon Musk<\/a>, qui se pla\u00eet \u00e0 s\u2019immiscer dans la politique int\u00e9rieure britannique \u00e0 coups de tweets assassins. Le milliardaire vient ainsi de d\u00e9conseiller d\u2019investir outre-Manche sous administration travailliste. Mais lui pourrait bien investir sur\u00a0<a href=\"https:\/\/www.radiofrance.fr\/personnes\/nigel-farage\" class=\"\" data-testid=\"link\" rel=\"nofollow noopener\" target=\"_blank\">Nigel Farage<\/a>, l\u2019homme du Brexit et leader de Reform UK. Ce parti d\u2019ultradroite a fait un retentissant come-back en 2024 et ne compte pas s\u2019arr\u00eater en si bon chemin. Les\u00a0<a href=\"https:\/\/www.radiofrance.fr\/sujets\/conservatisme\" class=\"\" data-testid=\"link\" rel=\"nofollow noopener\" target=\"_blank\">conservateurs<\/a>\u00a0craignent sa popularit\u00e9 croissante, qui fait d\u00e9j\u00e0 des ravages dans leurs rangs.<\/p>\n<p class=\"PopSlotParagraph qg-tx2 qg-xtra-lh svelte-1r0pyek\">Dans l\u2019imm\u00e9diat, ce que redoutent les Tories et une partie des Britanniques touche au portefeuille, avec la nouvelle TVA sur les \u00e9coles priv\u00e9es. Au taux de 20 % d\u00e8s ce 1\u1d49\u02b3 janvier\u00a0! Un imp\u00f4t sur l\u2019\u00e9ducation in\u00e9dit dans le monde, que le gouvernement Labour promet de r\u00e9investir dans l\u2019enseignement public. Les classes moyennes soutiennent la mesure, dont la France et l\u2019Allemagne voudraient toutefois exempter leurs lyc\u00e9es \u00e0 Londres.<\/p>\n<p class=\"PopSlotParagraph qg-tx2 qg-xtra-lh svelte-1r0pyek\">La ministre des Finances, Rachel Reeves, esp\u00e8re ainsi que son budget 2025, tr\u00e8s impopulaire par ailleurs, n\u2019entra\u00eenera pas le gouvernement encore plus bas dans les sondages, \u00e0 d\u00e9faut de croissance spectaculaire. Devant cette perspective \u00e9conomique plut\u00f4t morne, le Labour n\u2019attend rien de bon des \u00e9lections municipales du 1\u1d49\u02b3 mai, l\u2019unique scrutin qu\u2019il devra affronter l\u2019an prochain.<\/p>\n<p class=\"PopSlotParagraph qg-tx2 qg-xtra-lh svelte-1r0pyek\">La voie reste donc encore politiquement d\u00e9gag\u00e9e pour Keir Starmer. Mais en 2025, le Premier ministre va bien devoir finir par pr\u00e9ciser quelle relation il entend r\u00e9tablir avec l\u2019Union europ\u00e9enne. Il est invit\u00e9 \u00e0 participer \u00e0 un sommet des Vingt-Sept, d\u00e9but f\u00e9vrier. Une premi\u00e8re depuis le Brexit. Mais personne ne sait encore trop qu\u2019esp\u00e9rer concr\u00e8tement de ce \u00ab\u00a0Reset\u00a0\u00bb clam\u00e9 haut et fort.<\/p>\n<p class=\"PopSlotParagraph qg-tx2 qg-xtra-lh svelte-1r0pyek\">Les Europ\u00e9ens redoutent \u00ab\u00a0beaucoup de bruit pour rien\u00a0\u00bb, comme dirait Shakespeare. Pardon, en 2025, c\u2019est Jane Austen qu\u2019il faudra citer. Les 250 ans de la naissance de la romanci\u00e8re seront l\u2019occasion d\u2019une foison d\u2019\u00e9v\u00e9nements comm\u00e9moratifs en Angleterre. Mais ce mois de janvier, c\u2019est d\u2019abord Winston Churchill qui sera \u00e0 l\u2019honneur pour les 60 ans de sa mort, le 24 janvier 1965.<\/p>\n<p class=\"PopSlotParagraph qg-tx2 qg-xtra-lh svelte-1r0pyek\">Churchill qui disait\u00a0: \u00ab\u00a0Un bon politicien est celui qui est capable de pr\u00e9dire l&rsquo;avenir et qui, par la suite, est \u00e9galement capable d&rsquo;expliquer pourquoi les choses ne se sont pas pass\u00e9es comme il l&rsquo;avait pr\u00e9dit.\u00a0\u00bb \u00a0Sur ces prudentes pr\u00e9visions, \u00ab\u00a0happy New Year\u00a0!\u00a0\u00bb<\/p>\n","protected":false},"excerpt":{"rendered":"Il y a ce qu\u2019ils redoutent et ce qu\u2019ils esp\u00e8rent quand Big Ben sonnera les douze coups de&hellip;\n","protected":false},"author":2,"featured_media":294444,"comment_status":"","ping_status":"","sticky":false,"template":"","format":"standard","meta":{"footnotes":""},"categories":[1588],"tags":[11,1777,674,12,473,1853,1851,1850,1852],"class_list":{"0":"post-294443","1":"post","2":"type-post","3":"status-publish","4":"format-standard","5":"has-post-thumbnail","7":"category-royaume-uni","8":"tag-actualites","9":"tag-eu","10":"tag-europe","11":"tag-news","12":"tag-royaume-uni","13":"tag-royaume-uni-de-grande-bretagne-et-dirlande-du-nord","14":"tag-uk","15":"tag-united-kingdom","16":"tag-united-kingdom-of-great-britain-and-northern-ireland"},"share_on_mastodon":{"url":"https:\/\/pubeurope.com\/@fr\/114967125998992403","error":""},"_links":{"self":[{"href":"https:\/\/www.europesays.com\/fr\/wp-json\/wp\/v2\/posts\/294443","targetHints":{"allow":["GET"]}}],"collection":[{"href":"https:\/\/www.europesays.com\/fr\/wp-json\/wp\/v2\/posts"}],"about":[{"href":"https:\/\/www.europesays.com\/fr\/wp-json\/wp\/v2\/types\/post"}],"author":[{"embeddable":true,"href":"https:\/\/www.europesays.com\/fr\/wp-json\/wp\/v2\/users\/2"}],"replies":[{"embeddable":true,"href":"https:\/\/www.europesays.com\/fr\/wp-json\/wp\/v2\/comments?post=294443"}],"version-history":[{"count":0,"href":"https:\/\/www.europesays.com\/fr\/wp-json\/wp\/v2\/posts\/294443\/revisions"}],"wp:featuredmedia":[{"embeddable":true,"href":"https:\/\/www.europesays.com\/fr\/wp-json\/wp\/v2\/media\/294444"}],"wp:attachment":[{"href":"https:\/\/www.europesays.com\/fr\/wp-json\/wp\/v2\/media?parent=294443"}],"wp:term":[{"taxonomy":"category","embeddable":true,"href":"https:\/\/www.europesays.com\/fr\/wp-json\/wp\/v2\/categories?post=294443"},{"taxonomy":"post_tag","embeddable":true,"href":"https:\/\/www.europesays.com\/fr\/wp-json\/wp\/v2\/tags?post=294443"}],"curies":[{"name":"wp","href":"https:\/\/api.w.org\/{rel}","templated":true}]}}