{"id":294453,"date":"2025-08-03T22:15:12","date_gmt":"2025-08-03T22:15:12","guid":{"rendered":"https:\/\/www.europesays.com\/fr\/294453\/"},"modified":"2025-08-03T22:15:12","modified_gmt":"2025-08-03T22:15:12","slug":"londe-de-choc-apres-une-video-glacante-liberation","status":"publish","type":"post","link":"https:\/\/www.europesays.com\/fr\/294453\/","title":{"rendered":"l\u2019onde de choc apr\u00e8s une vid\u00e9o gla\u00e7ante \u2013 Lib\u00e9ration"},"content":{"rendered":"<p class=\"sc-ksZaOG ehjQrN text-element\">\u00abUne cruaut\u00e9 abjecte, une inhumanit\u00e9 sans limites\u00bb, a d\u00e9nonc\u00e9 ce dimanche sur \u00abX\u00bb Emmanuel Macron, apr\u00e8s la diffusion de vid\u00e9os montrant deux otages, toujours d\u00e9tenus par le Hamas depuis l\u2019attaque terroriste du 7 octobre 2023. Son ministre des Affaires \u00e9trang\u00e8res, Jean-No\u00ebl Barrot, et la cheffe de la diplomatie europ\u00e9enne, Kaja Kallas, avaient d\u00e9j\u00e0 fait part d\u2019une m\u00eame indignation quelques heures plus t\u00f4t.<\/p>\n<p class=\"sc-ksZaOG ehjQrN text-element\">Sur les 251 personnes enlev\u00e9es ce jour-l\u00e0, 49 otages isra\u00e9liens sont encore retenus \u00e0 Gaza par le Hamas, mais 27 d\u2019entre eux ont \u00e9t\u00e9 d\u00e9clar\u00e9s morts par l\u2019arm\u00e9e isra\u00e9lienne. C\u2019est la premi\u00e8re fois que des images, montrant Rom Braslavski et Evyatar David, deux jeunes hommes enlev\u00e9s au festival Nova le 7 octobre 2023, ont \u00e9t\u00e9 ainsi divulgu\u00e9es par le Hamas et le Jihad islamique, son alli\u00e9, jeudi et samedi, apr\u00e8s pr\u00e8s de vingt-deux mois de captivit\u00e9.<\/p>\n<p class=\"sc-ksZaOG ehjQrN text-element\">Elles sont effectivement terribles : les deux otages isra\u00e9liens apparaissent tr\u00e8s affaiblis et amaigris. Leurs proches redoutent m\u00eame qu\u2019une course contre la montre ne soit d\u00e9sormais engag\u00e9e pour leur survie. Dans un \u00e9lan, qui pourra sembler cynique, le Premier ministre isra\u00e9lien, Benyamin N\u00e9tanyahou, a d\u2019ailleurs demand\u00e9 dimanche l\u2019aide du Comit\u00e9 international de la Croix-Rouge (CICR) \u00abpour fournir de la nourriture\u00bb et \u00abun traitement m\u00e9dical\u00bb \u00e0 ces seuls otages. La veille, N\u00e9tanyahou avait eu une \u00ablongue conversation\u00bb avec leurs familles, selon un communiqu\u00e9 officiel.<\/p>\n<p class=\"sc-ksZaOG ehjQrN text-element\">Samedi, au lendemain d\u2019un d\u00e9placement <\/p>\n","protected":false},"excerpt":{"rendered":"\u00abUne cruaut\u00e9 abjecte, une inhumanit\u00e9 sans limites\u00bb, a d\u00e9nonc\u00e9 ce dimanche sur \u00abX\u00bb Emmanuel Macron, apr\u00e8s la diffusion&hellip;\n","protected":false},"author":2,"featured_media":294454,"comment_status":"","ping_status":"","sticky":false,"template":"","format":"standard","meta":{"footnotes":""},"categories":[2],"tags":[11,952,75,1011,27,3517,3522,3519,664,12,25],"class_list":{"0":"post-294453","1":"post","2":"type-post","3":"status-publish","4":"format-standard","5":"has-post-thumbnail","7":"category-actualites","8":"tag-actualites","9":"tag-benyamin-netanyahou","10":"tag-donald-trump","11":"tag-fr","12":"tag-france","13":"tag-gaza-l-escalade","14":"tag-guerre-hamas-israel","15":"tag-hamas","16":"tag-israel","17":"tag-news","18":"tag-republique-francaise"},"share_on_mastodon":{"url":"https:\/\/pubeurope.com\/@fr\/114967145529213024","error":""},"_links":{"self":[{"href":"https:\/\/www.europesays.com\/fr\/wp-json\/wp\/v2\/posts\/294453","targetHints":{"allow":["GET"]}}],"collection":[{"href":"https:\/\/www.europesays.com\/fr\/wp-json\/wp\/v2\/posts"}],"about":[{"href":"https:\/\/www.europesays.com\/fr\/wp-json\/wp\/v2\/types\/post"}],"author":[{"embeddable":true,"href":"https:\/\/www.europesays.com\/fr\/wp-json\/wp\/v2\/users\/2"}],"replies":[{"embeddable":true,"href":"https:\/\/www.europesays.com\/fr\/wp-json\/wp\/v2\/comments?post=294453"}],"version-history":[{"count":0,"href":"https:\/\/www.europesays.com\/fr\/wp-json\/wp\/v2\/posts\/294453\/revisions"}],"wp:featuredmedia":[{"embeddable":true,"href":"https:\/\/www.europesays.com\/fr\/wp-json\/wp\/v2\/media\/294454"}],"wp:attachment":[{"href":"https:\/\/www.europesays.com\/fr\/wp-json\/wp\/v2\/media?parent=294453"}],"wp:term":[{"taxonomy":"category","embeddable":true,"href":"https:\/\/www.europesays.com\/fr\/wp-json\/wp\/v2\/categories?post=294453"},{"taxonomy":"post_tag","embeddable":true,"href":"https:\/\/www.europesays.com\/fr\/wp-json\/wp\/v2\/tags?post=294453"}],"curies":[{"name":"wp","href":"https:\/\/api.w.org\/{rel}","templated":true}]}}