{"id":294459,"date":"2025-08-03T22:19:10","date_gmt":"2025-08-03T22:19:10","guid":{"rendered":"https:\/\/www.europesays.com\/fr\/294459\/"},"modified":"2025-08-03T22:19:10","modified_gmt":"2025-08-03T22:19:10","slug":"antoine-dupont-la-polemique-a-10-500e","status":"publish","type":"post","link":"https:\/\/www.europesays.com\/fr\/294459\/","title":{"rendered":"Antoine Dupont, la pol\u00e9mique \u00e0 10 500\u20ac\u00a0!"},"content":{"rendered":"<p class=\"heading\">Toujours convalescent apr\u00e8s sa grave blessure au genou survenue pendant le Tournoi des VI Nations en mars dernier, Antoine Dupont s\u2019est embarqu\u00e9 dans un nouveau projet hors du rugby. Le demi de m\u00eal\u00e9e de 28 ans a investi dans le Toulouse Basket Club. Mais sa contribution, jug\u00e9e maigre, a suscit\u00e9 de vives r\u00e9actions.<\/p>\n<p><strong>Antoine Dupont<\/strong> va devoir patienter quelques temps avant de pouvoir rejouer au rugby. Gravement bless\u00e9 au genou pendant le <strong>Tournoi des VI Nations<\/strong>, qu\u2019il disputait avec le <strong>XV de France<\/strong>, le demi de m\u00eal\u00e9e de 28 ans ne devrait pas \u00eatre r\u00e9tabli avant fin novembre ou d\u00e9but d\u00e9cembre. En attendant de pouvoir faire son retour avec le<strong> Stade toulousain<\/strong>, <strong>Antoine Dupont<\/strong> s\u2019est embarqu\u00e9 dans un nouveau projet&#8230; dans le basket\u00a0!<\/p>\n<p>                                            Antoine Dupont finance le Toulouse Basket Club !<\/p>\n<p>Comme rapport\u00e9 par Actu Toulouse, le joueur vedette des Rouge-et-Noir <a href=\"https:\/\/le10sport.com\/rugby\/antoine-dupont-la-folie-a-14-000eur-avec-leon-marchand-752640\" rel=\"nofollow noopener\" target=\"_blank\">s\u2019est associ\u00e9 \u00e0 plusieurs personnalit\u00e9s fran\u00e7aises<\/a> comme <strong>L\u00e9on Marchand<\/strong> ou encore <strong>Big Flo et Oli<\/strong> pour financer le <strong>Toulouse Basket Club<\/strong>. Le quatuor a r\u00e9uni un total de 43 500\u20ac, dont 10 500\u20ac pour <strong>Antoine Dupont<\/strong>. L\u2019investissement se veut plut\u00f4t modeste pour le moment, et il n\u2019a pas manqu\u00e9 de susciter de vives r\u00e9actions sur les r\u00e9seaux sociaux.<\/p>\n<p>                                            \u00abC\u2019est ridicule\u00bb<\/p>\n<p>\u00ab\u00a0C\u2019est une blague ou pas ?\u00a0\u00bb s\u2019est \u00e9tonn\u00e9 un supporter du <strong>Toulouse Basket Club <\/strong>dans des propos rapport\u00e9s par Sports.fr. \u00ab\u00a0Il manque un 0 \u00e0 la fin des 3 chiffres j\u2019esp\u00e8re&#8230; \u00bb a lanc\u00e9 un autre. \u00ab\u00a0Monter en betclic d\u2019ici 5 ans avec 35k par an ? \u00bb, \u00ab\u00a0Enorme, le Pana tremble ! \u00bb, \u00ab\u00a0C\u2019est ridicule \u00bb, \u00ab Autant rien mettre dans ces cas-l\u00e0&#8230;\u00a0\u00bb ou encore \u00ab Vaste blague\u00a0! \u00bb ont r\u00e9agi d\u2019autres fans. \u00ab\u00a0Avec ces montants ridicule, le mieux c\u2019est encore de ne rien dire\u00a0\u00bb\u00a0a bl\u00e2m\u00e9 l\u2019ancien joueur <strong>Vincent Masingue<\/strong> de son c\u00f4t\u00e9. Toujours \u00e9loign\u00e9 des terrains de rugby, <strong>Antoine Dupont<\/strong> se retrouve au coeur d\u2019une pol\u00e9mique dont il se serait certainement bien pass\u00e9.<\/p>\n","protected":false},"excerpt":{"rendered":"Toujours convalescent apr\u00e8s sa grave blessure au genou survenue pendant le Tournoi des VI Nations en mars dernier,&hellip;\n","protected":false},"author":2,"featured_media":294460,"comment_status":"","ping_status":"","sticky":false,"template":"","format":"standard","meta":{"footnotes":""},"categories":[1416],"tags":[1011,27,479,1468,60],"class_list":{"0":"post-294459","1":"post","2":"type-post","3":"status-publish","4":"format-standard","5":"has-post-thumbnail","7":"category-rugby","8":"tag-fr","9":"tag-france","10":"tag-rugby","11":"tag-rugby-football","12":"tag-sports"},"share_on_mastodon":{"url":"https:\/\/pubeurope.com\/@fr\/114967161355100362","error":""},"_links":{"self":[{"href":"https:\/\/www.europesays.com\/fr\/wp-json\/wp\/v2\/posts\/294459","targetHints":{"allow":["GET"]}}],"collection":[{"href":"https:\/\/www.europesays.com\/fr\/wp-json\/wp\/v2\/posts"}],"about":[{"href":"https:\/\/www.europesays.com\/fr\/wp-json\/wp\/v2\/types\/post"}],"author":[{"embeddable":true,"href":"https:\/\/www.europesays.com\/fr\/wp-json\/wp\/v2\/users\/2"}],"replies":[{"embeddable":true,"href":"https:\/\/www.europesays.com\/fr\/wp-json\/wp\/v2\/comments?post=294459"}],"version-history":[{"count":0,"href":"https:\/\/www.europesays.com\/fr\/wp-json\/wp\/v2\/posts\/294459\/revisions"}],"wp:featuredmedia":[{"embeddable":true,"href":"https:\/\/www.europesays.com\/fr\/wp-json\/wp\/v2\/media\/294460"}],"wp:attachment":[{"href":"https:\/\/www.europesays.com\/fr\/wp-json\/wp\/v2\/media?parent=294459"}],"wp:term":[{"taxonomy":"category","embeddable":true,"href":"https:\/\/www.europesays.com\/fr\/wp-json\/wp\/v2\/categories?post=294459"},{"taxonomy":"post_tag","embeddable":true,"href":"https:\/\/www.europesays.com\/fr\/wp-json\/wp\/v2\/tags?post=294459"}],"curies":[{"name":"wp","href":"https:\/\/api.w.org\/{rel}","templated":true}]}}