{"id":294461,"date":"2025-08-03T22:20:11","date_gmt":"2025-08-03T22:20:11","guid":{"rendered":"https:\/\/www.europesays.com\/fr\/294461\/"},"modified":"2025-08-03T22:20:11","modified_gmt":"2025-08-03T22:20:11","slug":"flavio-cobolli-ben-shelton-atp-1000-open-du-canada-huitiemes-de-finale-lundi-04-aout-2025-lequipe","status":"publish","type":"post","link":"https:\/\/www.europesays.com\/fr\/294461\/","title":{"rendered":"Flavio Cobolli &#8211; Ben Shelton, ATP 1000, Open du Canada, Huiti\u00e8mes de finale, Lundi 04 ao\u00fbt 2025 &#8211; L&#039;\u00c9quipe"},"content":{"rendered":"<ol>\n<li><a href=\"https:\/\/news.google.com\/rss\/articles\/CBMizAFBVV95cUxNeHVFVWJiM3BaeExzWlRLRnVsN0twNmg3dlBKMVpLWU9Cb1N0b2VSRlZYSzBuOGNlVWY4VmRYcThCcDhmb0FXSUdEM3FtMFRwY1dMVzA2TEZMSXdoLU1NeHZWM0JKWU91T2FQekNLU3ptczF0a1JTMmRvcUlUd1B5d2x2OEN3QUZ6OVpmY1pnNUFYcS1jRnB3cC1yTTFlT09CZXlENVg3a1VZY2VmM1gzOFZxMF95UWszdHo4U1NNZllGd0dyVENOem5ScjU?oc=5\" target=\"_blank\" rel=\"nofollow noopener\">Flavio Cobolli &#8211; Ben Shelton, ATP 1000, Open du Canada, Huiti\u00e8mes de finale, Lundi 04 ao\u00fbt 2025<\/a>&nbsp;&nbsp;L&rsquo;\u00c9quipe<\/li>\n<li><a href=\"https:\/\/news.google.com\/rss\/articles\/CBMi-gFBVV95cUxNVjlBM2FQN3lmVFZJWjhYYkZCR0NRSTRqSW9xcVU5M21DU0lRZDktdmhmMTVxLTRSTlFxLWpmWGlleWI1NmdKY0RWckhsTnFnX2NSenJRWGlXemN1RkJYRVQ5bDRrU1ZLUXZYNDFVNmprVkJQQWcxd3JDcnNONjNBV3ZjaEhRSWRzNklHWmlwN0plQkgzakk1UTBWVkFJQkxMUVJUQnlXQWhOdnlzYnFmbUZSZi1oWHVfdnZhZ2d5MWJLbS05MktYOUxVUHcyNUN4VDFzNkNicTJLM3V2RWtBVm02ckMycE5EZERnUVZKZmg5NFdxTTdOazN3?oc=5\" target=\"_blank\" rel=\"nofollow noopener\">ATP &gt; Cobolli au sujet de son match contre Djokovic \u00e0 Wimbledon : \u00ab Novak est mon idole depuis que j&rsquo;ai commenc\u00e9 \u00e0 jouer au tennis. J&rsquo;\u00e9tais nerveux<\/a>&nbsp;&nbsp;We Love Tennis<\/li>\n<li><a href=\"https:\/\/news.google.com\/rss\/articles\/CBMiiwFBVV95cUxPcHhOdFppUmtYOTBSa1pBeHdLQ1dzbEpSaDZiRUlDU3NtaTBqeDZaNF95NmM1VGE3cGVxSG1mc1NvelF4RERjWGgxRzlkeU5XNC0tMDVHQWlhNnRLNmhsSzF3TDR3ZDNham1BVi1nV3g1Z2xsVEppN2taQlBHXzlKcUI2TE9XUzNKS1ZN?oc=5\" target=\"_blank\" rel=\"nofollow noopener\">Pronostic Flavio Cobolli &#8211; Fabian Marozsan<\/a>&nbsp;&nbsp;RueDesJoueurs<\/li>\n<li><a href=\"https:\/\/news.google.com\/rss\/articles\/CBMid0FVX3lxTE1JRlAzYWNEeFdsa2lXX1NJRHJvZlNiQThqbjF1NXJxeXBBTmFxcGV5TGRjODZjT2Y2MzRkQm5IeHVhc01CVVNBc3Q3d2tTbFJRdHMxWW16blAzWElfc3RUSVZ6MnJSUGY4cGFndThiY1ZrNDJpRThJ?oc=5\" target=\"_blank\" rel=\"nofollow noopener\">Omnium Banque Nationale: spectaculaire, Alexis Galarneau fr\u00f4le l\u2019exploit et rate de peu un potentiel affrontement face \u00e0 son bon ami F\u00e9lix Auger-Aliassime<\/a>&nbsp;&nbsp;Le Journal de Qu\u00e9bec<\/li>\n<li><a href=\"https:\/\/news.google.com\/rss\/articles\/CBMif0FVX3lxTE1KTnk5LWM0Zy1FNnFfVU9GWVNXYWVnbnEwbHlXNG5QQnJHdkFxeHV5dU5sRG94VGNqRWw1UnptTGZkTUxGajBCcUFkVUZkeWlNMFZCVExyWEV1c2xrSlJiTUxVelNnNDNGdnBpWU1XRFVWWVlBd1k3R3ByR3p6LTA?oc=5\" target=\"_blank\" rel=\"nofollow noopener\">Pronostic Flavio Cobolli &#8211; Ben Shelton, ATP Toronto<\/a>&nbsp;&nbsp;SportyTrader<\/li>\n<\/ol>\n","protected":false},"excerpt":{"rendered":"Flavio Cobolli &#8211; Ben Shelton, ATP 1000, Open du Canada, Huiti\u00e8mes de finale, Lundi 04 ao\u00fbt 2025&nbsp;&nbsp;L&rsquo;\u00c9quipe ATP&hellip;\n","protected":false},"author":2,"featured_media":1983,"comment_status":"","ping_status":"","sticky":false,"template":"","format":"standard","meta":{"footnotes":""},"categories":[1415],"tags":[1011,27,60,1467],"class_list":{"0":"post-294461","1":"post","2":"type-post","3":"status-publish","4":"format-standard","5":"has-post-thumbnail","7":"category-tennis","8":"tag-fr","9":"tag-france","10":"tag-sports","11":"tag-tennis"},"share_on_mastodon":{"url":"https:\/\/pubeurope.com\/@fr\/114967165145782978","error":""},"_links":{"self":[{"href":"https:\/\/www.europesays.com\/fr\/wp-json\/wp\/v2\/posts\/294461","targetHints":{"allow":["GET"]}}],"collection":[{"href":"https:\/\/www.europesays.com\/fr\/wp-json\/wp\/v2\/posts"}],"about":[{"href":"https:\/\/www.europesays.com\/fr\/wp-json\/wp\/v2\/types\/post"}],"author":[{"embeddable":true,"href":"https:\/\/www.europesays.com\/fr\/wp-json\/wp\/v2\/users\/2"}],"replies":[{"embeddable":true,"href":"https:\/\/www.europesays.com\/fr\/wp-json\/wp\/v2\/comments?post=294461"}],"version-history":[{"count":0,"href":"https:\/\/www.europesays.com\/fr\/wp-json\/wp\/v2\/posts\/294461\/revisions"}],"wp:featuredmedia":[{"embeddable":true,"href":"https:\/\/www.europesays.com\/fr\/wp-json\/wp\/v2\/media\/1983"}],"wp:attachment":[{"href":"https:\/\/www.europesays.com\/fr\/wp-json\/wp\/v2\/media?parent=294461"}],"wp:term":[{"taxonomy":"category","embeddable":true,"href":"https:\/\/www.europesays.com\/fr\/wp-json\/wp\/v2\/categories?post=294461"},{"taxonomy":"post_tag","embeddable":true,"href":"https:\/\/www.europesays.com\/fr\/wp-json\/wp\/v2\/tags?post=294461"}],"curies":[{"name":"wp","href":"https:\/\/api.w.org\/{rel}","templated":true}]}}