{"id":294462,"date":"2025-08-03T22:22:11","date_gmt":"2025-08-03T22:22:11","guid":{"rendered":"https:\/\/www.europesays.com\/fr\/294462\/"},"modified":"2025-08-03T22:22:11","modified_gmt":"2025-08-03T22:22:11","slug":"alex-marquez-admet-ne-pas-pouvoir-rivaliser-avec-son-frere-marc","status":"publish","type":"post","link":"https:\/\/www.europesays.com\/fr\/294462\/","title":{"rendered":"Alex M\u00e1rquez admet ne pas pouvoir rivaliser avec son fr\u00e8re Marc\u2028"},"content":{"rendered":"<p>Alors qu\u2019il r\u00e9alise sa saison la plus r\u00e9guli\u00e8re en MotoGP, Alex M\u00e1rquez ne se voile pas la face : Marc, son fr\u00e8re a\u00een\u00e9, est dans une autre dimension. L\u2019octuple champion du monde \u00e9crase la concurrence avec sa Ducati officielle, encha\u00eenant victoires en Sprint et en Grand Prix. Et m\u00eame si Alex occupe une position solide au classement, il sait que le foss\u00e9 reste important.<\/p>\n<blockquote>\n<p>\u201cDans les donn\u00e9es, on pouvait voir la sup\u00e9riorit\u00e9 de Marc \u00e0 tout moment. Ils (Ducati officiel) ont affin\u00e9, ils introduisent des petites choses qui se remarquent et qui s&rsquo;am\u00e9liorent de plus en plus. Nous savions d\u00e9j\u00e0 qu&rsquo;avec ce que nous avons, nous devons faire le maximum chaque week-end, essayer de minimiser les d\u00e9g\u00e2ts\u201d D\u00e9clare le pilote Gresini, source : <a href=\"http:\/\/motorsport.es\" rel=\"nofollow noopener\" target=\"_blank\">motorsport.es<\/a>\u00a0<\/p>\n<\/blockquote>\n<p>Alex pointe aussi la capacit\u00e9 de Marc \u00e0 faire la diff\u00e9rence dans les moments cl\u00e9s, en qualifications comme en gestion de course.<\/p>\n<p><b>Un titre encore accessible mais tr\u00e8s compliqu\u00e9<\/b><\/p>\n<p>Malgr\u00e9 une r\u00e9gularit\u00e9 appr\u00e9ciable, Alex sait qu\u2019il devra compter sur des erreurs de son fr\u00e8re ou des circonstances favorables pour esp\u00e9rer rattraper l\u2019\u00e9cart. Actuellement, Marc poss\u00e8de 120 points d\u2019avance au championnat, et son rythme ne faiblit pas.<\/p>\n<p>L\u2019histoire est belle, mais le duel tourne \u00e0 l\u2019avantage de Marc. Pour Alex, il reste une fiert\u00e9 d\u2019\u00eatre dans le m\u00eame paddock, m\u00eame si l\u2019ambition reste de le battre un jour \u00e0 la r\u00e9guli\u00e8re.<\/p>\n<blockquote>\n<p>\u201cL&rsquo;important est de rester sur notre ligne, et quand les choses ne vont pas aussi bien que les autres week-ends, il faut avoir un peu plus de patience. \u00catre si proche de la t\u00eate jusqu&rsquo;\u00e0 la fin de la saison a \u00e9t\u00e9 une surprise pour nous, et nous savions pourquoi cela s&rsquo;\u00e9tait produit. Les erreurs de Marc \u00e0 Austin et Jerez nous ont donn\u00e9 la possibilit\u00e9 d&rsquo;\u00eatre proches aussi longtemps\u201d Explique Alex M\u00e1rquez, source : <a href=\"http:\/\/motorsport.es\" rel=\"nofollow noopener\" target=\"_blank\">motorsport.es<\/a>\u00a0<\/p>\n<\/blockquote>\n<p>    Partagez cette info avec vos amis et vos proches en cliquant ici  <\/p>\n<p> Podcasts \u00e0 la une MEN LIFE <\/p>\n<p>    MotoGP : Alex M\u00e1rquez s\u2019incline face \u00e0 l\u2019\u00e9crasante sup\u00e9riorit\u00e9 de Marc<\/p>\n<p>M\u00eame s\u2019il signe sa meilleure saison en MotoGP, Alex M\u00e1rquez ne se fait plus d\u2019illusions : son fr\u00e8re Marc est intouchable. Entre rythme, constance et mat\u00e9riel aff\u00fbt\u00e9, le pilote officiel Ducati est tout simplement \u00e0 un autre niveau.<\/p>\n<p>R\u00e9dacteur<\/p>\n<p><img decoding=\"async\" width=\"76\" height=\"76\" loading=\"lazy\" src=\"https:\/\/www.europesays.com\/fr\/wp-content\/uploads\/2025\/04\/avatar-sport-am.png\" alt=\"Victor Teyssier\"\/><\/p>\n","protected":false},"excerpt":{"rendered":"Alors qu\u2019il r\u00e9alise sa saison la plus r\u00e9guli\u00e8re en MotoGP, Alex M\u00e1rquez ne se voile pas la face&hellip;\n","protected":false},"author":2,"featured_media":294463,"comment_status":"","ping_status":"","sticky":false,"template":"","format":"standard","meta":{"footnotes":""},"categories":[1413],"tags":[1011,27,1457,1456,60],"class_list":{"0":"post-294462","1":"post","2":"type-post","3":"status-publish","4":"format-standard","5":"has-post-thumbnail","7":"category-moto","8":"tag-fr","9":"tag-france","10":"tag-moto","11":"tag-motocycle","12":"tag-sports"},"share_on_mastodon":{"url":"https:\/\/pubeurope.com\/@fr\/114967173154219562","error":""},"_links":{"self":[{"href":"https:\/\/www.europesays.com\/fr\/wp-json\/wp\/v2\/posts\/294462","targetHints":{"allow":["GET"]}}],"collection":[{"href":"https:\/\/www.europesays.com\/fr\/wp-json\/wp\/v2\/posts"}],"about":[{"href":"https:\/\/www.europesays.com\/fr\/wp-json\/wp\/v2\/types\/post"}],"author":[{"embeddable":true,"href":"https:\/\/www.europesays.com\/fr\/wp-json\/wp\/v2\/users\/2"}],"replies":[{"embeddable":true,"href":"https:\/\/www.europesays.com\/fr\/wp-json\/wp\/v2\/comments?post=294462"}],"version-history":[{"count":0,"href":"https:\/\/www.europesays.com\/fr\/wp-json\/wp\/v2\/posts\/294462\/revisions"}],"wp:featuredmedia":[{"embeddable":true,"href":"https:\/\/www.europesays.com\/fr\/wp-json\/wp\/v2\/media\/294463"}],"wp:attachment":[{"href":"https:\/\/www.europesays.com\/fr\/wp-json\/wp\/v2\/media?parent=294462"}],"wp:term":[{"taxonomy":"category","embeddable":true,"href":"https:\/\/www.europesays.com\/fr\/wp-json\/wp\/v2\/categories?post=294462"},{"taxonomy":"post_tag","embeddable":true,"href":"https:\/\/www.europesays.com\/fr\/wp-json\/wp\/v2\/tags?post=294462"}],"curies":[{"name":"wp","href":"https:\/\/api.w.org\/{rel}","templated":true}]}}