{"id":294467,"date":"2025-08-03T22:25:11","date_gmt":"2025-08-03T22:25:11","guid":{"rendered":"https:\/\/www.europesays.com\/fr\/294467\/"},"modified":"2025-08-03T22:25:11","modified_gmt":"2025-08-03T22:25:11","slug":"om-fc-seville-maupay-se-fait-chambrer","status":"publish","type":"post","link":"https:\/\/www.europesays.com\/fr\/294467\/","title":{"rendered":"OM \u2013 FC S\u00e9ville\u00a0: Maupay se fait chambrer"},"content":{"rendered":"<p><strong>Apr\u00e8s le match nul de l\u2019OM contre le FC S\u00e9ville, Neal Maupay a \u00e9t\u00e9 chambr\u00e9 par le club andalou.<\/strong><\/p>\n<p>Il n\u2019y a pas eu de vainqueur hier au V\u00e9lodrome entre l\u2019OM, qui avait ouvert le score par Mason Greenwood, et le FC S\u00e9ville. Score final 1-1. Une rencontre globalement domin\u00e9e par les hommes de Roberto De Zerbi et marqu\u00e9e par l\u2019ovation r\u00e9serv\u00e9e \u00e0 Pierre-Emerick Aubameyang \u00e0 son entr\u00e9e en jeu.<\/p>\n<p>Entr\u00e9 lui aussi en fin de match, Neal Maupay s\u2019est pour sa part surtout illustr\u00e9 par ses prises de bec avec les d\u00e9fenseurs de S\u00e9ville. Ce qui lui a valu les railleries du compte X officiel du club andalou. \u00abQuand Neal Maupay entre et ne marque pas, le CM sourit\u00bb, a post\u00e9 le FC S\u00e9ville, un brin taquin.<\/p>\n","protected":false},"excerpt":{"rendered":"Apr\u00e8s le match nul de l\u2019OM contre le FC S\u00e9ville, Neal Maupay a \u00e9t\u00e9 chambr\u00e9 par le club&hellip;\n","protected":false},"author":2,"featured_media":294468,"comment_status":"","ping_status":"","sticky":false,"template":"","format":"standard","meta":{"footnotes":""},"categories":[1410],"tags":[11,448,63,1011,27,66,3388,12,60,10662],"class_list":{"0":"post-294467","1":"post","2":"type-post","3":"status-publish","4":"format-standard","5":"has-post-thumbnail","7":"category-football","8":"tag-actualites","9":"tag-champions-league","10":"tag-football","11":"tag-fr","12":"tag-france","13":"tag-ligue-1","14":"tag-matchs","15":"tag-news","16":"tag-sports","17":"tag-transferts"},"share_on_mastodon":{"url":"https:\/\/pubeurope.com\/@fr\/114967185010139820","error":""},"_links":{"self":[{"href":"https:\/\/www.europesays.com\/fr\/wp-json\/wp\/v2\/posts\/294467","targetHints":{"allow":["GET"]}}],"collection":[{"href":"https:\/\/www.europesays.com\/fr\/wp-json\/wp\/v2\/posts"}],"about":[{"href":"https:\/\/www.europesays.com\/fr\/wp-json\/wp\/v2\/types\/post"}],"author":[{"embeddable":true,"href":"https:\/\/www.europesays.com\/fr\/wp-json\/wp\/v2\/users\/2"}],"replies":[{"embeddable":true,"href":"https:\/\/www.europesays.com\/fr\/wp-json\/wp\/v2\/comments?post=294467"}],"version-history":[{"count":0,"href":"https:\/\/www.europesays.com\/fr\/wp-json\/wp\/v2\/posts\/294467\/revisions"}],"wp:featuredmedia":[{"embeddable":true,"href":"https:\/\/www.europesays.com\/fr\/wp-json\/wp\/v2\/media\/294468"}],"wp:attachment":[{"href":"https:\/\/www.europesays.com\/fr\/wp-json\/wp\/v2\/media?parent=294467"}],"wp:term":[{"taxonomy":"category","embeddable":true,"href":"https:\/\/www.europesays.com\/fr\/wp-json\/wp\/v2\/categories?post=294467"},{"taxonomy":"post_tag","embeddable":true,"href":"https:\/\/www.europesays.com\/fr\/wp-json\/wp\/v2\/tags?post=294467"}],"curies":[{"name":"wp","href":"https:\/\/api.w.org\/{rel}","templated":true}]}}