{"id":294471,"date":"2025-08-03T22:27:13","date_gmt":"2025-08-03T22:27:13","guid":{"rendered":"https:\/\/www.europesays.com\/fr\/294471\/"},"modified":"2025-08-03T22:27:13","modified_gmt":"2025-08-03T22:27:13","slug":"elle-avait-autant-de-pouvoir-que-sarah-bernhardt-a-la-belle-epoque-une-exposition-inedite-sur-cora-laparcerie-a-douarnenez","status":"publish","type":"post","link":"https:\/\/www.europesays.com\/fr\/294471\/","title":{"rendered":"\u00ab\u00a0Elle avait autant de pouvoir que Sarah Bernhardt \u00e0 la Belle \u00c9poque\u00a0\u00bb\u00a0: une exposition in\u00e9dite sur Cora Laparcerie \u00e0 Douarnenez"},"content":{"rendered":"<p>Article r\u00e9serv\u00e9 aux abonn\u00e9s<\/p>\n<p><a href=\"https:\/\/www.letelegramme.fr\/auteurs\/lannig-stervinou\" rel=\"nofollow noopener\" target=\"_blank\"><img decoding=\"async\" src=\"https:\/\/www.europesays.com\/fr\/wp-content\/uploads\/2025\/08\/63fe038626d3f02fc97871a9.1.jpeg\"   width=\"160\" height=\"160\" class=\"web_square_xs\" loading=\"eager\" alt=\"Lannig Stervinou\" title=\"Lannig Stervinou\"\/><\/a><\/p>\n<p class=\"tlg-h5\">L\u2019exposition gratuite propos\u00e9e par la Ville de Douarnenez, cet \u00e9t\u00e9, met en lumi\u00e8re, \u00e0 travers un parcours p\u00e9dagogique truff\u00e9 d\u2019objets, de photographies et d\u2019\u0153uvres d\u2019art, une star de la Belle \u00c9poque, inhum\u00e9e sur l\u2019\u00eele Tristan\u00a0: Cora Laparcerie.<\/p>\n<p><img fetchpriority=\"high\" decoding=\"async\" src=\"https:\/\/www.europesays.com\/fr\/wp-content\/uploads\/2025\/08\/688f87a3b0607454370eda88.1.jpeg\" width=\"960\" height=\"600\" class=\"web_golden_xl\" loading=\"eager\" alt=\"Cette huile sur toile d\u2019\u00c9douard Zier repr\u00e9sentant Cora Laparcerie en 1900 fait partie de l\u2019exposition pr\u00e9sent\u00e9e \u00e0 la salle des f\u00eates de Douarnenez jusqu\u2019au 9\u00a0ao\u00fbt.\"\/>Cette huile sur toile d\u2019\u00c9douard Zier repr\u00e9sentant Cora Laparcerie en 1900 fait partie de l\u2019exposition pr\u00e9sent\u00e9e \u00e0 la salle des f\u00eates de Douarnenez jusqu\u2019au 9\u00a0ao\u00fbt. (Le T\u00e9l\u00e9gramme\/Lannig Stervinou)<\/p>\n","protected":false},"excerpt":{"rendered":"Article r\u00e9serv\u00e9 aux abonn\u00e9s L\u2019exposition gratuite propos\u00e9e par la Ville de Douarnenez, cet \u00e9t\u00e9, met en lumi\u00e8re, \u00e0&hellip;\n","protected":false},"author":2,"featured_media":294472,"comment_status":"","ping_status":"","sticky":false,"template":"","format":"standard","meta":{"footnotes":""},"categories":[1358],"tags":[1348,1384,1385,3322,251,1386,58,3320,59,3293,1011,27,3323,3319,1347],"class_list":{"0":"post-294471","1":"post","2":"type-post","3":"status-publish","4":"format-standard","5":"has-post-thumbnail","7":"category-arts-et-design","8":"tag-arts","9":"tag-arts-and-design","10":"tag-arts-et-design","11":"tag-concarneau","12":"tag-culture","13":"tag-design","14":"tag-divertissement","15":"tag-douarnenez","16":"tag-entertainment","17":"tag-exposition","18":"tag-fr","19":"tag-france","20":"tag-pont-labbe","21":"tag-quimper","22":"tag-theatre"},"share_on_mastodon":{"url":"https:\/\/pubeurope.com\/@fr\/114967192823738101","error":""},"_links":{"self":[{"href":"https:\/\/www.europesays.com\/fr\/wp-json\/wp\/v2\/posts\/294471","targetHints":{"allow":["GET"]}}],"collection":[{"href":"https:\/\/www.europesays.com\/fr\/wp-json\/wp\/v2\/posts"}],"about":[{"href":"https:\/\/www.europesays.com\/fr\/wp-json\/wp\/v2\/types\/post"}],"author":[{"embeddable":true,"href":"https:\/\/www.europesays.com\/fr\/wp-json\/wp\/v2\/users\/2"}],"replies":[{"embeddable":true,"href":"https:\/\/www.europesays.com\/fr\/wp-json\/wp\/v2\/comments?post=294471"}],"version-history":[{"count":0,"href":"https:\/\/www.europesays.com\/fr\/wp-json\/wp\/v2\/posts\/294471\/revisions"}],"wp:featuredmedia":[{"embeddable":true,"href":"https:\/\/www.europesays.com\/fr\/wp-json\/wp\/v2\/media\/294472"}],"wp:attachment":[{"href":"https:\/\/www.europesays.com\/fr\/wp-json\/wp\/v2\/media?parent=294471"}],"wp:term":[{"taxonomy":"category","embeddable":true,"href":"https:\/\/www.europesays.com\/fr\/wp-json\/wp\/v2\/categories?post=294471"},{"taxonomy":"post_tag","embeddable":true,"href":"https:\/\/www.europesays.com\/fr\/wp-json\/wp\/v2\/tags?post=294471"}],"curies":[{"name":"wp","href":"https:\/\/api.w.org\/{rel}","templated":true}]}}