{"id":294481,"date":"2025-08-03T22:32:16","date_gmt":"2025-08-03T22:32:16","guid":{"rendered":"https:\/\/www.europesays.com\/fr\/294481\/"},"modified":"2025-08-03T22:32:16","modified_gmt":"2025-08-03T22:32:16","slug":"vertiges-au-lever-pourquoi-votre-tete-tourne-t-elle","status":"publish","type":"post","link":"https:\/\/www.europesays.com\/fr\/294481\/","title":{"rendered":"Vertiges au lever\u00a0: pourquoi votre t\u00eate tourne-t-elle\u00a0?"},"content":{"rendered":"<p>            Sensation d\u2019\u00e9tourdissement<br \/>\n    La r\u00e9daction vous conseille<\/p>\n<p>Ils peuvent donc se manifester lorsque l\u2019on se couche, se l\u00e8ve ou encore quand on tourne la t\u00eate rapidement ou qu\u2019on la l\u00e8ve. Ces vertiges de positionnement \u00ab\u00a0sont souvent violents, brefs (moins de trente secondes), et donnent l\u2019impression d\u2019un mouvement de rotation ou de chute dans un trou\u00a0\u00bb, compl\u00e8te l\u2019Assurance-maladie.<\/p>\n<p>Mauvaise interpr\u00e9tation du cerveau<\/p>\n<p>La cause se situerait du c\u00f4t\u00e9 de l\u2019oreille interne, dans sa partie sup\u00e9rieure. Pour des raisons diverses (traumatisme, infection\u2026) de petits cristaux situ\u00e9s au sein du vestibule se d\u00e9tachent jusqu\u2019\u00e0 se d\u00e9poser au niveau du proche canal semi-circulaire post\u00e9rieur. Sous l\u2019effet de la gravit\u00e9, la position adopt\u00e9e entra\u00eenerait l\u2019inclinaison d\u2019une partie de ce canal, devenu en quelque sorte trop lourd avec le poids des cristaux. Le cerveau interpr\u00e8te alors cette information comme une rotation brusque de la t\u00eate, jusqu\u2019\u00e0 provoquer le vertige.<\/p>\n<p>Ce dernier s\u2019av\u00e8re b\u00e9nin. Mais d\u2019une mani\u00e8re g\u00e9n\u00e9rale, si vous ressentez de fa\u00e7on tr\u00e8s r\u00e9guli\u00e8re des vertiges et\/ou s\u2019ils sont accompagn\u00e9s de naus\u00e9es ou de vomissements, n\u2019h\u00e9sitez pas \u00e0 demander l\u2019avis de votre m\u00e9decin. Pour une exploration plus approfondie.<\/p>\n","protected":false},"excerpt":{"rendered":"Sensation d\u2019\u00e9tourdissement La r\u00e9daction vous conseille Ils peuvent donc se manifester lorsque l\u2019on se couche, se l\u00e8ve ou&hellip;\n","protected":false},"author":2,"featured_media":294482,"comment_status":"","ping_status":"","sticky":false,"template":"","format":"standard","meta":{"footnotes":""},"categories":[10],"tags":[1011,27,72,71],"class_list":{"0":"post-294481","1":"post","2":"type-post","3":"status-publish","4":"format-standard","5":"has-post-thumbnail","7":"category-sante","8":"tag-fr","9":"tag-france","10":"tag-health","11":"tag-sante"},"share_on_mastodon":{"url":"https:\/\/pubeurope.com\/@fr\/114967212537526952","error":""},"_links":{"self":[{"href":"https:\/\/www.europesays.com\/fr\/wp-json\/wp\/v2\/posts\/294481","targetHints":{"allow":["GET"]}}],"collection":[{"href":"https:\/\/www.europesays.com\/fr\/wp-json\/wp\/v2\/posts"}],"about":[{"href":"https:\/\/www.europesays.com\/fr\/wp-json\/wp\/v2\/types\/post"}],"author":[{"embeddable":true,"href":"https:\/\/www.europesays.com\/fr\/wp-json\/wp\/v2\/users\/2"}],"replies":[{"embeddable":true,"href":"https:\/\/www.europesays.com\/fr\/wp-json\/wp\/v2\/comments?post=294481"}],"version-history":[{"count":0,"href":"https:\/\/www.europesays.com\/fr\/wp-json\/wp\/v2\/posts\/294481\/revisions"}],"wp:featuredmedia":[{"embeddable":true,"href":"https:\/\/www.europesays.com\/fr\/wp-json\/wp\/v2\/media\/294482"}],"wp:attachment":[{"href":"https:\/\/www.europesays.com\/fr\/wp-json\/wp\/v2\/media?parent=294481"}],"wp:term":[{"taxonomy":"category","embeddable":true,"href":"https:\/\/www.europesays.com\/fr\/wp-json\/wp\/v2\/categories?post=294481"},{"taxonomy":"post_tag","embeddable":true,"href":"https:\/\/www.europesays.com\/fr\/wp-json\/wp\/v2\/tags?post=294481"}],"curies":[{"name":"wp","href":"https:\/\/api.w.org\/{rel}","templated":true}]}}