{"id":294504,"date":"2025-08-03T23:01:20","date_gmt":"2025-08-03T23:01:20","guid":{"rendered":"https:\/\/www.europesays.com\/fr\/294504\/"},"modified":"2025-08-03T23:01:20","modified_gmt":"2025-08-03T23:01:20","slug":"204-reines-de-frelons-asiatiques-piegees-aux-sorinieres-pres-de-nantes","status":"publish","type":"post","link":"https:\/\/www.europesays.com\/fr\/294504\/","title":{"rendered":"204\u00a0reines de frelons asiatiques pi\u00e9g\u00e9es aux Sorini\u00e8res pr\u00e8s de Nantes"},"content":{"rendered":"<p>Depuis 2024, le service des espaces verts de Sorini\u00e8res pr\u00e8s de Nantes, met en place un pi\u00e9geage s\u00e9lectif des frelons asiatiques au printemps 2025. \u00a0Nous avons dispos\u00e9 dix-huit\u00a0pi\u00e8ges dans treize sites diff\u00e9rents, des lieux publics, \u00e9coles, stade, parcs et jardins, pr\u00e8s des arbres pollinisateurs, ou les vieux arbres entour\u00e9s de lierre\u00a0\u00bb, explique Francis Garnier, responsable des espaces verts.<\/p>\n<p>Ces pi\u00e8ges, dans lequel un app\u00e2t est dispos\u00e9, prot\u00e8gent les abeilles et la biodiversit\u00e9 locale. Con\u00e7u pour \u00eatre s\u00e9lectif, il permet une capture cibl\u00e9e des frelons, gr\u00e2ce \u00e0 sa grille sp\u00e9cifique. Ils permettent aux insectes de petite taille, utiles \u00e0 la biodiversit\u00e9, de s\u2019\u00e9vader. Le frelon asiatique, au corps d\u2019aspect brun\u00e2tre d\u2019une taille de 3\u00a0cm et plus, et aux pattes jaunes, est alors pris au pi\u00e8ge.<\/p>\n<p>Vingt reines captur\u00e9es par pi\u00e8ge<\/p>\n<p>Dans la commune, 204\u00a0reines fondatrices, soit une cinquantaine de plus qu\u2019en 2024, ont ainsi \u00e9t\u00e9 captur\u00e9es entre le 5\u00a0mars et le 9\u00a0juin\u00a0; le printemps est une saison favorable au pi\u00e9geage. \u00a0Nous avons obtenu un bon r\u00e9sultat au parc de la Fil\u00e9e, ce qui n\u2019est pas tr\u00e8s \u00e9tonnant, compte tenu de la superficie v\u00e9g\u00e9tale, mais aussi dans le square de la mairie, et au centre a\u00e9r\u00e9 de l\u2019Or\u00e9e du Bois, o\u00f9 nous avons comptabilis\u00e9 vingt\u00a0reines dans chaque pi\u00e8ge\u00a0\u00bb.<\/p>\n<p>\t<img decoding=\"async\" src=\"https:\/\/www.europesays.com\/fr\/wp-content\/uploads\/2025\/08\/P35388085D6923010G_px_640_.jpg\" alt=\"photo francis garnier, responsable du service des espaces verts, pr\u00e9sente le pi\u00e8ge s\u00e9lectif aux frelons asiatiques.  \u00a9  ouest-france\" width=\"640\" title=\" Francis Garnier, responsable du service des espaces verts, pr\u00e9sente le pi\u00e8ge s\u00e9lectif aux frelons asiatiques.   Ouest-France \"\/><\/p>\n<p class=\"elmt-legende\"> Francis Garnier, responsable du service des espaces verts, pr\u00e9sente le pi\u00e8ge s\u00e9lectif aux frelons asiatiques.   Ouest-France <\/p>\n<p>Sachant qu\u2019une reine peut pondre jusqu\u2019\u00e0 100\u00a0\u0153ufs par jour, et en moyenne plus de 5\u00a0000\u00a0dans l\u2019ann\u00e9e, on peut estimer qu\u2019environ un million de cet hym\u00e9nopt\u00e8re pr\u00e9dateur d\u2019abeilles, et dangereux pour l\u2019humain lorsqu\u2019il est d\u00e9rang\u00e9, a \u00e9t\u00e9 \u00e9radiqu\u00e9.<\/p>\n<p>L\u2019Asad (Association sanitaire apicole d\u00e9partementale) lutte contre l\u2019invasion de frelons asiatiques. Elle intervient chez les particuliers pour les destructions de nids et apporte de nombreuses recommandations comme celle de ne pas \u00e9craser les frelons, car l\u2019odeur ainsi lib\u00e9r\u00e9e en attire d\u2019autres.<\/p>\n<p><strong>Contact\u00a0:<\/strong> Asad 44\u00a0:\u00a0t\u00e9l. 06\u00a011\u00a015\u00a018\u00a022.<\/p>\n<p>\u00a0<\/p>\n","protected":false},"excerpt":{"rendered":"Depuis 2024, le service des espaces verts de Sorini\u00e8res pr\u00e8s de Nantes, met en place un pi\u00e9geage s\u00e9lectif&hellip;\n","protected":false},"author":2,"featured_media":294505,"comment_status":"","ping_status":"","sticky":false,"template":"","format":"standard","meta":{"footnotes":""},"categories":[2818],"tags":[43445,1111,11,43448,1777,674,1011,27,43447,766,12,2636,43449,3762,43446,25,42269],"class_list":{"0":"post-294504","1":"post","2":"type-post","3":"status-publish","4":"format-standard","5":"has-post-thumbnail","7":"category-nantes","8":"tag-43445","9":"tag-actu","10":"tag-actualites","11":"tag-asiatiques","12":"tag-eu","13":"tag-europe","14":"tag-fr","15":"tag-france","16":"tag-frelons","17":"tag-nantes","18":"tag-news","19":"tag-pays-de-la-loire","20":"tag-piegees","21":"tag-pres","22":"tag-reines","23":"tag-republique-francaise","24":"tag-sorinieres"},"share_on_mastodon":{"url":"https:\/\/pubeurope.com\/@fr\/114967326487945697","error":""},"_links":{"self":[{"href":"https:\/\/www.europesays.com\/fr\/wp-json\/wp\/v2\/posts\/294504","targetHints":{"allow":["GET"]}}],"collection":[{"href":"https:\/\/www.europesays.com\/fr\/wp-json\/wp\/v2\/posts"}],"about":[{"href":"https:\/\/www.europesays.com\/fr\/wp-json\/wp\/v2\/types\/post"}],"author":[{"embeddable":true,"href":"https:\/\/www.europesays.com\/fr\/wp-json\/wp\/v2\/users\/2"}],"replies":[{"embeddable":true,"href":"https:\/\/www.europesays.com\/fr\/wp-json\/wp\/v2\/comments?post=294504"}],"version-history":[{"count":0,"href":"https:\/\/www.europesays.com\/fr\/wp-json\/wp\/v2\/posts\/294504\/revisions"}],"wp:featuredmedia":[{"embeddable":true,"href":"https:\/\/www.europesays.com\/fr\/wp-json\/wp\/v2\/media\/294505"}],"wp:attachment":[{"href":"https:\/\/www.europesays.com\/fr\/wp-json\/wp\/v2\/media?parent=294504"}],"wp:term":[{"taxonomy":"category","embeddable":true,"href":"https:\/\/www.europesays.com\/fr\/wp-json\/wp\/v2\/categories?post=294504"},{"taxonomy":"post_tag","embeddable":true,"href":"https:\/\/www.europesays.com\/fr\/wp-json\/wp\/v2\/tags?post=294504"}],"curies":[{"name":"wp","href":"https:\/\/api.w.org\/{rel}","templated":true}]}}