{"id":294506,"date":"2025-08-03T23:02:45","date_gmt":"2025-08-03T23:02:45","guid":{"rendered":"https:\/\/www.europesays.com\/fr\/294506\/"},"modified":"2025-08-03T23:02:45","modified_gmt":"2025-08-03T23:02:45","slug":"info-ouest-france-mercato-fc-nantes-le-club-en-pourparlers-pour-faire-venir-un-attaquant-malien","status":"publish","type":"post","link":"https:\/\/www.europesays.com\/fr\/294506\/","title":{"rendered":"INFO OUEST-FRANCE. Mercato FC Nantes\u00a0: le club en pourparlers pour faire venir un attaquant malien"},"content":{"rendered":"<p>Le <a href=\"https:\/\/nantes.maville.com\/sport\/detail_-loire-atlantique-entretien.-fc-nantes-je-veux-montrer-l-exemple-affiche-francis-coquelin-guide-des-jeunes-_8-6918470_actu.Htm\" target=\"_self\" rel=\"noopener\">FC Nantes<\/a> s\u2019ing\u00e9nie \u00e0 renforcer sa ligne offensive. Selon nos informations, le club a fait une offre de pr\u00eat (avec option d\u2019achat) au club autrichien de Sturm Graz pour l\u2019international malien Amady Camara.<\/p>\n<p>En Autriche depuis 2023<\/p>\n<p>Cet avant-centre gaucher, \u00e2g\u00e9 de 20\u00a0ans, \u00e9volue en Autriche depuis 2023. D\u2019abord en \u00e9quipe r\u00e9serve, il a int\u00e9gr\u00e9 progressivement le groupe professionnel. Il est ainsi devenu deux fois champion d\u2019Autriche.<\/p>\n<p>Amady Camara a inscrit 3\u00a0buts en une cinquantaine de matches de championnat avec Sturm Graz.\u00a0<\/p>\n<p><strong>Lire aussi\u00a0:<\/strong> <a href=\"https:\/\/nantes.maville.com\/sport\/detail_-mercato-fc-nantes.-les-canaris-vont-se-faire-preter-un-ailier-droit-de-l-az-alkmaar-_52716-6922992_actu.Htm\" target=\"_self\" rel=\"noopener\">Les Canaris vont se faire pr\u00eater un ailier droit de l\u2019AZ Alkmaar<\/a><\/p>\n<p>\u00a0L\u2019\u00e9t\u00e9 dernier, m\u00eame si ce n\u2019\u00e9tait qu\u2019un match amical, celui qui peut aussi jouer ailier droit s\u2019\u00e9tait distingu\u00e9 avec un but inscrit face au Paris Saint-Germain (2-2). Il compte deux s\u00e9lections avec les A du Mali.<\/p>\n<p>\u00a0<\/p>\n","protected":false},"excerpt":{"rendered":"Le FC Nantes s\u2019ing\u00e9nie \u00e0 renforcer sa ligne offensive. Selon nos informations, le club a fait une offre&hellip;\n","protected":false},"author":2,"featured_media":294507,"comment_status":"","ping_status":"","sticky":false,"template":"","format":"standard","meta":{"footnotes":""},"categories":[2818],"tags":[1111,11,3809,1465,1777,674,63,1011,27,1792,1922,766,12,2636,25,479,517,3165,1470],"class_list":{"0":"post-294506","1":"post","2":"type-post","3":"status-publish","4":"format-standard","5":"has-post-thumbnail","7":"category-nantes","8":"tag-actu","9":"tag-actualites","10":"tag-ball","11":"tag-basket","12":"tag-eu","13":"tag-europe","14":"tag-football","15":"tag-fr","16":"tag-france","17":"tag-handball","18":"tag-info","19":"tag-nantes","20":"tag-news","21":"tag-pays-de-la-loire","22":"tag-republique-francaise","23":"tag-rugby","24":"tag-sport","25":"tag-vannes","26":"tag-volley"},"share_on_mastodon":{"url":"https:\/\/pubeurope.com\/@fr\/114967330351469263","error":""},"_links":{"self":[{"href":"https:\/\/www.europesays.com\/fr\/wp-json\/wp\/v2\/posts\/294506","targetHints":{"allow":["GET"]}}],"collection":[{"href":"https:\/\/www.europesays.com\/fr\/wp-json\/wp\/v2\/posts"}],"about":[{"href":"https:\/\/www.europesays.com\/fr\/wp-json\/wp\/v2\/types\/post"}],"author":[{"embeddable":true,"href":"https:\/\/www.europesays.com\/fr\/wp-json\/wp\/v2\/users\/2"}],"replies":[{"embeddable":true,"href":"https:\/\/www.europesays.com\/fr\/wp-json\/wp\/v2\/comments?post=294506"}],"version-history":[{"count":0,"href":"https:\/\/www.europesays.com\/fr\/wp-json\/wp\/v2\/posts\/294506\/revisions"}],"wp:featuredmedia":[{"embeddable":true,"href":"https:\/\/www.europesays.com\/fr\/wp-json\/wp\/v2\/media\/294507"}],"wp:attachment":[{"href":"https:\/\/www.europesays.com\/fr\/wp-json\/wp\/v2\/media?parent=294506"}],"wp:term":[{"taxonomy":"category","embeddable":true,"href":"https:\/\/www.europesays.com\/fr\/wp-json\/wp\/v2\/categories?post=294506"},{"taxonomy":"post_tag","embeddable":true,"href":"https:\/\/www.europesays.com\/fr\/wp-json\/wp\/v2\/tags?post=294506"}],"curies":[{"name":"wp","href":"https:\/\/api.w.org\/{rel}","templated":true}]}}