{"id":294518,"date":"2025-08-03T23:09:10","date_gmt":"2025-08-03T23:09:10","guid":{"rendered":"https:\/\/www.europesays.com\/fr\/294518\/"},"modified":"2025-08-03T23:09:10","modified_gmt":"2025-08-03T23:09:10","slug":"le-cirque-sinvite-dans-les-quartiers-pour-emerveiller-petits-et-grands","status":"publish","type":"post","link":"https:\/\/www.europesays.com\/fr\/294518\/","title":{"rendered":"le cirque s\u2019invite dans les quartiers pour \u00e9merveiller petits et grands"},"content":{"rendered":"\n<p>\u00ab Avant, ils me faisaient peur, mais maintenant je les trouve rigolos.\u00a0\u00bb Ce samedi, sous la grande halle Ambroise-Croizat, Ahmed semble avoir vaincu sa peur des clowns. Le petit gar\u00e7on de 8\u00a0ans est m\u00eame \u00e9merveill\u00e9 face aux circassiens de la compagnie Sitting Duck qui performent pour la programmation de l\u2019\u00c9t\u00e9 Marseillais.<\/p>\n<p>\u00c0 l\u2019angle de la rue Kleber et au beau milieu du week-end, on ne s\u2019attend pas \u00e0 trouver des clowns en tenue de cirque. Mais la municipalit\u00e9 en a d\u00e9cid\u00e9 autrement. \u00ab\u00a0Le 2-3 fait son cirque\u00a0\u00bb, c\u2019est le nom qu\u2019elle a donn\u00e9 aux rencontres circassiennes qui se tiennent jusqu\u2019au 6\u00a0ao\u00fbt, sur les places embl\u00e9matiques des 2e et 3e\u00a0arrondissements. Pour Emilia Sinsoilliez, premi\u00e8re adjointe \u00e0 la mairie de secteur, ces activit\u00e9s ont pour vocation de f\u00e9d\u00e9rer par le divertissement\u00a0: \u00ab\u00a0L\u2019id\u00e9e de l\u2019\u00c9t\u00e9 Marseillais c\u2019est d\u2019apporter la culture sur tous les territoires et les bassins de vie \u00e0 Marseille. Et le cirque est par essence un art festif qui se d\u00e9place vers tout le monde.\u00a0\u00bb <\/p>\n<p>Accord\u00e9on et Jonglage<\/p>\n<p>Ce samedi sous la Halle Croizat, l\u2019apr\u00e8s-midi est d\u00e9j\u00e0 bien entam\u00e9e quand les premiers ateliers cr\u00e9atifs d\u00e9butent. Curieux, quelques enfants descendent de l\u2019aire de jeux o\u00f9 ils \u00e9taient nich\u00e9s, afin de venir voir ce que le cirque a \u00e0 leur offrir. Au son de l\u2019accord\u00e9on, ils s\u2019essayent au jonglage et aux mimes, sans savoir que dans leur dos, Tibo, Andrea et Gonzalo installent le d\u00e9cor du spectacle. Les trois hommes sont com\u00e9diens et dans quelques minutes ils seront les coqueluches de la trentaine d\u2019enfants pr\u00e9sents. Descendus de Belgique pour l\u2019occasion, les acteurs assurent une repr\u00e9sentation comique d\u2019une heure dans laquelle l\u2019imagination pave la voie du rire. Pour Monica, habitante du 3e arrondissement et maman de deux jeunes enfants, c\u2019est la curiosit\u00e9 qui l\u2019a men\u00e9e sous le chapiteau\u00a0: \u00ab\u00a0Quand on est maman, on cherche toutes les activit\u00e9s pour sortir les enfants.\u00a0\u00bb Directrice de l\u2019association Art\u2019Euro et organisatrice de l\u2019\u00e9v\u00e9nement, Teresa Tigrato se f\u00e9licite de son pari r\u00e9ussi\u00a0: \u00ab\u00a0On a r\u00e9ussi \u00e0 amener le cirque, le spectacle et l\u2019imaginaire dans tous les quartiers de Marseille.\u00a0\u00bb Prochaine \u00e9tape, mardi 5\u00a0ao\u00fbt sur la place Cadenas, de 18h \u00e0 21h.<\/p>\n","protected":false},"excerpt":{"rendered":"\u00ab Avant, ils me faisaient peur, mais maintenant je les trouve rigolos.\u00a0\u00bb Ce samedi, sous la grande halle&hellip;\n","protected":false},"author":2,"featured_media":294519,"comment_status":"","ping_status":"","sticky":false,"template":"","format":"standard","meta":{"footnotes":""},"categories":[2814],"tags":[1111,11,1777,674,1011,27,884,12,36175,882,25],"class_list":{"0":"post-294518","1":"post","2":"type-post","3":"status-publish","4":"format-standard","5":"has-post-thumbnail","7":"category-marseille","8":"tag-actu","9":"tag-actualites","10":"tag-eu","11":"tag-europe","12":"tag-fr","13":"tag-france","14":"tag-marseille","15":"tag-news","16":"tag-paul-cayre","17":"tag-provence-alpes-cote-dazur","18":"tag-republique-francaise"},"share_on_mastodon":{"url":"https:\/\/pubeurope.com\/@fr\/114967357881478443","error":""},"_links":{"self":[{"href":"https:\/\/www.europesays.com\/fr\/wp-json\/wp\/v2\/posts\/294518","targetHints":{"allow":["GET"]}}],"collection":[{"href":"https:\/\/www.europesays.com\/fr\/wp-json\/wp\/v2\/posts"}],"about":[{"href":"https:\/\/www.europesays.com\/fr\/wp-json\/wp\/v2\/types\/post"}],"author":[{"embeddable":true,"href":"https:\/\/www.europesays.com\/fr\/wp-json\/wp\/v2\/users\/2"}],"replies":[{"embeddable":true,"href":"https:\/\/www.europesays.com\/fr\/wp-json\/wp\/v2\/comments?post=294518"}],"version-history":[{"count":0,"href":"https:\/\/www.europesays.com\/fr\/wp-json\/wp\/v2\/posts\/294518\/revisions"}],"wp:featuredmedia":[{"embeddable":true,"href":"https:\/\/www.europesays.com\/fr\/wp-json\/wp\/v2\/media\/294519"}],"wp:attachment":[{"href":"https:\/\/www.europesays.com\/fr\/wp-json\/wp\/v2\/media?parent=294518"}],"wp:term":[{"taxonomy":"category","embeddable":true,"href":"https:\/\/www.europesays.com\/fr\/wp-json\/wp\/v2\/categories?post=294518"},{"taxonomy":"post_tag","embeddable":true,"href":"https:\/\/www.europesays.com\/fr\/wp-json\/wp\/v2\/tags?post=294518"}],"curies":[{"name":"wp","href":"https:\/\/api.w.org\/{rel}","templated":true}]}}