{"id":294520,"date":"2025-08-03T23:10:14","date_gmt":"2025-08-03T23:10:14","guid":{"rendered":"https:\/\/www.europesays.com\/fr\/294520\/"},"modified":"2025-08-03T23:10:14","modified_gmt":"2025-08-03T23:10:14","slug":"embarquez-pour-une-visite-rare-de-la-digue-du-large","status":"publish","type":"post","link":"https:\/\/www.europesays.com\/fr\/294520\/","title":{"rendered":"embarquez pour une visite rare de la digue du large"},"content":{"rendered":"\n<p>\u00ab La digue est surnomm\u00e9e la grande jet\u00e9e\u00a0\u00bb, lance au micro Fran\u00e7oise Masson-Beno\u00eet, guide en charge de la visite comment\u00e9e. Sur le port, les Marseillais embarquent \u00e0 8h30 pour plus d\u2019une heure de promenade, en mer puis sur la digue.<b> <\/b>L\u2019escapade gratuite, propos\u00e9e les mercredis et samedis jusqu\u2019au 13\u00a0septembre, peut r\u00e9unir \u00ab\u00a0150\u00a0personnes en jauge pleine. Mais il reste toujours quelques places, donc on int\u00e8gre des gens qui n\u2019ont pas r\u00e9serv\u00e9\u00a0\u00bb, sourit Isabelle Durant, responsable des projets culturels \u00e0 l\u2019office de tourisme, organe qui coordonne les ballades. Ce mercredi, c\u2019est \u00e0 bord de l\u2019Helios que les 83\u00a0visiteurs ont embarqu\u00e9. La guide se charge de commenter la visite, alors quand le bateau d\u00e9marre, Fran\u00e7oise Masson-Beno\u00eet annonce gaiement que cette matin\u00e9e va \u00ab\u00a0nous plonger dans l\u2019histoire du port de Marseille\u00a0\u00bb. \u00ab\u00a0C\u2019est une passion amoureuse qui a fond\u00e9 la ville\u00a0\u00bb, entame-t-elle, ajoutant que \u00ab\u00a0Massalia est une cit\u00e9 multiethnique, n\u00e9e d\u2019un m\u00e9lange entre la terre et la mer, liant ainsi les autochtones aux marins venus de Phoc\u00e9e\u00a0\u00bb.<\/p>\n<p>Cap sur le port marchant<\/p>\n<p>\u00ab\u00a0La digue est une r\u00e9ponse directe \u00e0 la n\u00e9cessit\u00e9 de moderniser le port, en phase avec l\u2019industrialisation croissante\u00a0\u00bb, contextualise Fran\u00e7oise Masson-Beno\u00eet. La construction de 7km est \u00e9rig\u00e9e en 1844, \u00ab\u00a0par l\u2019assemblage de grands blocs de b\u00e9tons, tr\u00e8s r\u00e9sistants aux vagues\u00a0\u00bb, rappelle la guide avant d\u2019avertir les visiteurs qui, une fois \u00e0 quai, auront \u00ab\u00a0une demi-heure pour fouler les pav\u00e9s faits de pierres ramen\u00e9es du monde entier. Elles \u00e9taient laiss\u00e9es l\u00e0 apr\u00e8s avoir servi \u00e0 lester les marchandises\u00a0\u00bb, souligne la guide. La digue du large est aujourd\u2019hui priv\u00e9e, \u00ab\u00a0elle appartient au grand port maritime\u00a0\u00bb, note Isabelle Durant. La construction n\u2019est donc pas accessible autrement que via ces visites, qui ne donnent pourtant acc\u00e8s qu\u2019\u00e0 un petit fragment de l\u2019\u00e9difice.<\/p>\n<p>Si Nicole se dit \u00ab\u00a0un peu d\u00e9\u00e7ue, parce qu\u2019on n\u2019a pas pu aller sur le haut de la digue\u00a0\u00bb, la majorit\u00e9 des passagers est ravie. \u00ab\u00a0On profite pas assez de notre ville, l\u00e0 c\u2019est l\u2019occasion de venir ici\u00a0!\u00a0\u00bb, s\u2019exclame tout sourire une habitante. Quasiment tous les visiteurs sont Marseillais. \u00ab\u00a0On d\u00e9couvre des choses qu\u2019on ne regarde pas d\u2019habitude\u00a0\u00bb, s\u2019extasie Jean-Fran\u00e7ois face au quartier du Panier, rarement vu c\u00f4t\u00e9 mer.<\/p>\n<p>R\u00e9servation sur marseille-tourisme.com<\/p>\n","protected":false},"excerpt":{"rendered":"\u00ab La digue est surnomm\u00e9e la grande jet\u00e9e\u00a0\u00bb, lance au micro Fran\u00e7oise Masson-Beno\u00eet, guide en charge de la&hellip;\n","protected":false},"author":2,"featured_media":294521,"comment_status":"","ping_status":"","sticky":false,"template":"","format":"standard","meta":{"footnotes":""},"categories":[2814],"tags":[1111,11,1777,674,1011,27,884,12,23860,882,25],"class_list":{"0":"post-294520","1":"post","2":"type-post","3":"status-publish","4":"format-standard","5":"has-post-thumbnail","7":"category-marseille","8":"tag-actu","9":"tag-actualites","10":"tag-eu","11":"tag-europe","12":"tag-fr","13":"tag-france","14":"tag-marseille","15":"tag-news","16":"tag-office-de-tourisme","17":"tag-provence-alpes-cote-dazur","18":"tag-republique-francaise"},"share_on_mastodon":{"url":"https:\/\/pubeurope.com\/@fr\/114967361805009741","error":""},"_links":{"self":[{"href":"https:\/\/www.europesays.com\/fr\/wp-json\/wp\/v2\/posts\/294520","targetHints":{"allow":["GET"]}}],"collection":[{"href":"https:\/\/www.europesays.com\/fr\/wp-json\/wp\/v2\/posts"}],"about":[{"href":"https:\/\/www.europesays.com\/fr\/wp-json\/wp\/v2\/types\/post"}],"author":[{"embeddable":true,"href":"https:\/\/www.europesays.com\/fr\/wp-json\/wp\/v2\/users\/2"}],"replies":[{"embeddable":true,"href":"https:\/\/www.europesays.com\/fr\/wp-json\/wp\/v2\/comments?post=294520"}],"version-history":[{"count":0,"href":"https:\/\/www.europesays.com\/fr\/wp-json\/wp\/v2\/posts\/294520\/revisions"}],"wp:featuredmedia":[{"embeddable":true,"href":"https:\/\/www.europesays.com\/fr\/wp-json\/wp\/v2\/media\/294521"}],"wp:attachment":[{"href":"https:\/\/www.europesays.com\/fr\/wp-json\/wp\/v2\/media?parent=294520"}],"wp:term":[{"taxonomy":"category","embeddable":true,"href":"https:\/\/www.europesays.com\/fr\/wp-json\/wp\/v2\/categories?post=294520"},{"taxonomy":"post_tag","embeddable":true,"href":"https:\/\/www.europesays.com\/fr\/wp-json\/wp\/v2\/tags?post=294520"}],"curies":[{"name":"wp","href":"https:\/\/api.w.org\/{rel}","templated":true}]}}