{"id":294526,"date":"2025-08-03T23:15:13","date_gmt":"2025-08-03T23:15:13","guid":{"rendered":"https:\/\/www.europesays.com\/fr\/294526\/"},"modified":"2025-08-03T23:15:13","modified_gmt":"2025-08-03T23:15:13","slug":"les-franc-comtoises-juliette-labous-et-evita-muzic-terminent-dans-le-top-10-du-tour-de-france-femme-2025","status":"publish","type":"post","link":"https:\/\/www.europesays.com\/fr\/294526\/","title":{"rendered":"Les Franc-Comtoises Juliette Labous et Evita Muzic terminent dans le Top 10 du Tour de France femme 2025"},"content":{"rendered":"<p>Les Franc-Comtoises Juliette Labous et Evita Muzic terminent dans le Top 10 du classement g\u00e9n\u00e9ral du Tour de France femmes 2025, \u00e0 la septi\u00e8me et dixi\u00e8me place, ce 3 ao\u00fbt 2025..<\/p>\n<p>\n      L\u2019actu des r\u00e9gions\n    <\/p>\n<p>\n      Chaque jour, un tour d\u2019horizon des principales infos de toutes les r\u00e9gions.\n    <\/p>\n<p>    France T\u00e9l\u00e9visions utilise votre adresse e-mail afin de vous envoyer la newsletter \u00ab\u00a0L\u2019actu des r\u00e9gions\u00a0\u00bb. Vous pouvez vous d\u00e9sinscrire \u00e0 tout moment via le lien en bas de cette newsletter. <a target=\"_blank\" href=\"https:\/\/www.francetelevisions.fr\/groupe\/confidentialite\/politique-de-confidentialite\/politique-de-confidentialite-de-france-televisions-6503\" rel=\"nofollow noopener\">Notre politique de confidentialit\u00e9<\/a><\/p>\n<p>Elles \u00e9taient les deux Franc-Comtoises \u00e0 suivre pour cette \u00e9dition quatri\u00e8me \u00e9dition du Tour de France Femmes.\u00a0<\/p>\n<p>La Bisontine Julette Labous, avec l&rsquo;\u00e9quipe SDJ-Suez, termine \u00e0 la septi\u00e8me place du classement g\u00e9n\u00e9ral.\u00a0Elle a atteint la sixi\u00e8me place de cette neuvi\u00e8me et derni\u00e8re \u00e9tape en Haute-Savoie.\u00a0<\/p>\n<p>La jurassienne Evita Muzic, \u00e9galement avec l&rsquo;\u00e9quipe SDJ-Suez, se place \u00e0 la dixi\u00e8me place du classement g\u00e9n\u00e9ral. Elle termine \u00e0 la treizi\u00e8me place de cette neuvi\u00e8me \u00e9tape.\u00a0<\/p>\n<p>Elles sont quatre Fran\u00e7aises \u00e0 se placer dans le Top 10 du classement g\u00e9n\u00e9ral de ce Tour de France femmes, remport\u00e9 par Pauline Ferrand-Pr\u00e9vot. C\u00e9drine Kerbaol termine \u00e0 la huiti\u00e8me place.\u00a0<\/p>\n","protected":false},"excerpt":{"rendered":"Les Franc-Comtoises Juliette Labous et Evita Muzic terminent dans le Top 10 du classement g\u00e9n\u00e9ral du Tour de&hellip;\n","protected":false},"author":2,"featured_media":294527,"comment_status":"","ping_status":"","sticky":false,"template":"","format":"standard","meta":{"footnotes":""},"categories":[1888],"tags":[1111,1928,11,1927,1777,674,1011,27,12,1926,626,1925,25],"class_list":{"0":"post-294526","1":"post","2":"type-post","3":"status-publish","4":"format-standard","5":"has-post-thumbnail","7":"category-paris","8":"tag-actu","9":"tag-actu-paris","10":"tag-actualites","11":"tag-actualites-paris","12":"tag-eu","13":"tag-europe","14":"tag-fr","15":"tag-france","16":"tag-news","17":"tag-news-paris","18":"tag-paris","19":"tag-paris-news","20":"tag-republique-francaise"},"share_on_mastodon":{"url":"https:\/\/pubeurope.com\/@fr\/114967381495713284","error":""},"_links":{"self":[{"href":"https:\/\/www.europesays.com\/fr\/wp-json\/wp\/v2\/posts\/294526","targetHints":{"allow":["GET"]}}],"collection":[{"href":"https:\/\/www.europesays.com\/fr\/wp-json\/wp\/v2\/posts"}],"about":[{"href":"https:\/\/www.europesays.com\/fr\/wp-json\/wp\/v2\/types\/post"}],"author":[{"embeddable":true,"href":"https:\/\/www.europesays.com\/fr\/wp-json\/wp\/v2\/users\/2"}],"replies":[{"embeddable":true,"href":"https:\/\/www.europesays.com\/fr\/wp-json\/wp\/v2\/comments?post=294526"}],"version-history":[{"count":0,"href":"https:\/\/www.europesays.com\/fr\/wp-json\/wp\/v2\/posts\/294526\/revisions"}],"wp:featuredmedia":[{"embeddable":true,"href":"https:\/\/www.europesays.com\/fr\/wp-json\/wp\/v2\/media\/294527"}],"wp:attachment":[{"href":"https:\/\/www.europesays.com\/fr\/wp-json\/wp\/v2\/media?parent=294526"}],"wp:term":[{"taxonomy":"category","embeddable":true,"href":"https:\/\/www.europesays.com\/fr\/wp-json\/wp\/v2\/categories?post=294526"},{"taxonomy":"post_tag","embeddable":true,"href":"https:\/\/www.europesays.com\/fr\/wp-json\/wp\/v2\/tags?post=294526"}],"curies":[{"name":"wp","href":"https:\/\/api.w.org\/{rel}","templated":true}]}}