{"id":294536,"date":"2025-08-03T23:20:16","date_gmt":"2025-08-03T23:20:16","guid":{"rendered":"https:\/\/www.europesays.com\/fr\/294536\/"},"modified":"2025-08-03T23:20:16","modified_gmt":"2025-08-03T23:20:16","slug":"un-echange-de-prisonniers-se-precise-et-coup-denvoi-dexercices-conjoints-entre-moscou-et-pekin-2","status":"publish","type":"post","link":"https:\/\/www.europesays.com\/fr\/294536\/","title":{"rendered":"Un \u00e9change de prisonniers se pr\u00e9cise et coup d\u2019envoi d\u2019exercices conjoints entre Moscou et P\u00e9kin"},"content":{"rendered":"<p>Vous avez rat\u00e9 les derniers \u00e9v\u00e9nements sur la <a href=\"https:\/\/www.20minutes.fr\/monde\/ukraine\/\" class=\"color-ultramarine c-link\" target=\"_blank\" rel=\"noopener\">guerre en Ukraine\u00a0<\/a>? <a href=\"https:\/\/www.20minutes.fr\/\" class=\"color-ultramarine c-link\" target=\"_blank\" rel=\"noopener\">20 Minutes<\/a> fait le point pour vous tous les soirs. Voici l\u2019essentiel de ce dimanche 3\u00a0ao\u00fbt, au 1.257e jour du conflit.<\/p>\n<p>Le fait du jour<\/p>\n<p>Une attaque de drones ukrainiens a provoqu\u00e9 un <a href=\"https:\/\/www.20minutes.fr\/dossier\/incendie\" target=\"_blank\" class=\"color-ultramarine c-link\" rel=\"noopener\">incendie <\/a>dans un d\u00e9p\u00f4t p\u00e9trolier de Sotchi, ont indiqu\u00e9 les autorit\u00e9s locales ce dimanche. La cit\u00e9 baln\u00e9aire, situ\u00e9e au sud-ouest de la <a href=\"https:\/\/www.20minutes.fr\/monde\/russie\/\" target=\"_blank\" class=\"color-ultramarine c-link\" rel=\"noopener\">Russie<\/a>, est connue pour avoir accueilli les <a href=\"https:\/\/www.20minutes.fr\/dossier\/sotchi_2014\" target=\"_blank\" class=\"color-ultramarine c-link\" rel=\"noopener\">Jeux olympiques de\u00a02014<\/a>.<\/p>\n<p>Les d\u00e9bris d\u2019un drone, qui ont bless\u00e9 une femme sans mettre sa vie en danger selon les autorit\u00e9s r\u00e9gionales, ont touch\u00e9 un \u00ab\u00a0r\u00e9servoir de produits p\u00e9troliers, ce qui a provoqu\u00e9 un incendie\u00a0\u00bb, a indiqu\u00e9 sur Telegram le gouverneur de la r\u00e9gion de Krasnodar, V\u00e9niamine Kondratiev. Le feu est \u00e9teint, a affirm\u00e9 en fin d\u2019apr\u00e8s-midi le maire de Sotchi, Andre\u00ef Prochounine.<\/p>\n<p>L\u2019Ukraine avait pr\u00e9venu qu\u2019elle intensifierait ses frappes en Russie en r\u00e9ponse \u00e0 la multiplication, ces derni\u00e8res semaines, des attaques russes contre son territoire, qui ont provoqu\u00e9 la mort de dizaines de civils. Le pays frappe r\u00e9guli\u00e8rement les infrastructures p\u00e9troli\u00e8res et gazi\u00e8res russes.<\/p>\n<\/p>\n<p>Le chiffre du jour<\/p>\n<p>1.200. C\u2019est le nombre de <a href=\"https:\/\/www.20minutes.fr\/monde\/prisonniers\/\" target=\"_blank\" class=\"color-ultramarine c-link\" rel=\"noopener\">prisonniers <\/a>qui doivent \u00eatre prochainement \u00e9chang\u00e9s entre la Russie et l\u2019Ukraine. Le pr\u00e9sident ukrainien <a href=\"https:\/\/www.20minutes.fr\/monde\/volodymyr-zelensky\/\" target=\"_blank\" class=\"color-ultramarine c-link\" rel=\"noopener\">Volodymyr Zelensky<\/a> a annonc\u00e9 ce dimanche <a href=\"https:\/\/x.com\/ZelenskyyUa\/status\/1951948323864162709\" target=\"_blank\" class=\"color-ultramarine c-link\">sur ses r\u00e9seaux sociaux <\/a>qu\u2019une liste de noms \u00e9tait \u00ab\u00a0en cours d\u2019\u00e9laboration\u00a0\u00bb et que le secr\u00e9taire du conseil de s\u00e9curit\u00e9 nationale et de d\u00e9fense, Rustem Umerov, avait \u00ab\u00a0rendu compte d\u2019une communication avec un repr\u00e9sentant russe\u00a0\u00bb.<\/p>\n<p>Le dirigeant ukrainien a \u00e9galement affirm\u00e9 \u00ab\u00a0travailler \u00e0 d\u00e9bloquer le retour de nos civils\u00a0\u00bb. Sur ce sujet, il a pr\u00e9cis\u00e9 que le chef de l\u2019administration pr\u00e9sidentielle ukrainienne, Andriy Yermak, travaillait sur les \u00ab\u00a0efforts pour garantir le retour des enfants enlev\u00e9s et emmen\u00e9s en Russie\u00a0\u00bb.<\/p>\n<p>La tendance du jour<\/p>\n<p>La Russie a commenc\u00e9 ce dimanche des exercices navals conjoints avec la <a href=\"https:\/\/www.20minutes.fr\/dossier\/chine\" target=\"_blank\" class=\"color-ultramarine c-link\" rel=\"noopener\">Chine <\/a>en mer du Japon. Les deux puissances cherchent \u00e0 approfondir leur partenariat face \u00e0 ce qu\u2019elles consid\u00e8rent comme une domination des <a href=\"https:\/\/www.20minutes.fr\/monde\/etats-unis\/\" target=\"_blank\" class=\"color-ultramarine c-link\" rel=\"noopener\">Etats-Unis<\/a>. Le coup d\u2019envoi de ces exercices, appel\u00e9s \u00ab\u00a0Joint Sea-2025\u00a0\u00bb, a \u00e9t\u00e9 donn\u00e9 dans les eaux proches du port russe de Vladivostok, selon le minist\u00e8re chinois de la D\u00e9fense.<\/p>\n<p>Depuis plusieurs ann\u00e9es, les deux pays m\u00e8nent r\u00e9guli\u00e8rement des exercices conjoints et les man\u0153uvres \u00ab\u00a0Joint Sea\u00a0\u00bb ont d\u00e9but\u00e9 en\u00a02012. Vendredi, le minist\u00e8re chinois de la D\u00e9fense a d\u00e9clar\u00e9 que les exercices de cette ann\u00e9e, qui doivent durer trois jours, visaient \u00e0 \u00ab\u00a0approfondir davantage le partenariat strat\u00e9gique global\u00a0\u00bb entre les deux pays. Ils ont lieu juste avant une visite du dirigeant russe <a href=\"https:\/\/www.20minutes.fr\/monde\/vladimir_poutine\/\" target=\"_blank\" class=\"color-ultramarine c-link\" rel=\"noopener\">Vladimir Poutine<\/a> en Chine, \u00e0 la fin du mois d\u2019ao\u00fbt.<\/p>\n<p><a href=\"https:\/\/www.20minutes.fr\/monde\/ukraine\/\" target=\"_blank\" class=\"c-link c-btn c-btn--primary\" rel=\"noopener\">Toutes les infos sur la guerre en Ukraine<\/a><\/p>\n<p>P\u00e9kin n\u2019a jamais condamn\u00e9 la Russie pour son invasion de l\u2019Ukraine et a renforc\u00e9 ses relations \u00e9conomiques, diplomatiques et militaires avec Moscou depuis f\u00e9vrier\u00a02022. En avril, Volodymyr Zelensky avait m\u00eame accus\u00e9 la Chine de \u00ab\u00a0fournir des <a href=\"https:\/\/www.20minutes.fr\/dossier\/armes\" target=\"_blank\" class=\"color-ultramarine c-link\" rel=\"noopener\">armes\u00a0<\/a>\u00bb \u00e0 la Russie, des accusations r\u00e9fut\u00e9es par P\u00e9kin.<\/p>\n","protected":false},"excerpt":{"rendered":"Vous avez rat\u00e9 les derniers \u00e9v\u00e9nements sur la guerre en Ukraine\u00a0? 20 Minutes fait le point pour vous&hellip;\n","protected":false},"author":2,"featured_media":294537,"comment_status":"","ping_status":"","sticky":false,"template":"","format":"standard","meta":{"footnotes":""},"categories":[1590],"tags":[47,11,564,1777,674,131,74,12,132,935,220,135,134],"class_list":{"0":"post-294536","1":"post","2":"type-post","3":"status-publish","4":"format-standard","5":"has-post-thumbnail","7":"category-ukraine","8":"tag-actualite","9":"tag-actualites","10":"tag-drone","11":"tag-eu","12":"tag-europe","13":"tag-guerre-en-ukraine","14":"tag-monde","15":"tag-news","16":"tag-russie","17":"tag-seconde-guerre-mondiale","18":"tag-ukraine","19":"tag-vladimir-poutine","20":"tag-volodymyr-zelensky"},"share_on_mastodon":{"url":"https:\/\/pubeurope.com\/@fr\/114967401138366843","error":""},"_links":{"self":[{"href":"https:\/\/www.europesays.com\/fr\/wp-json\/wp\/v2\/posts\/294536","targetHints":{"allow":["GET"]}}],"collection":[{"href":"https:\/\/www.europesays.com\/fr\/wp-json\/wp\/v2\/posts"}],"about":[{"href":"https:\/\/www.europesays.com\/fr\/wp-json\/wp\/v2\/types\/post"}],"author":[{"embeddable":true,"href":"https:\/\/www.europesays.com\/fr\/wp-json\/wp\/v2\/users\/2"}],"replies":[{"embeddable":true,"href":"https:\/\/www.europesays.com\/fr\/wp-json\/wp\/v2\/comments?post=294536"}],"version-history":[{"count":0,"href":"https:\/\/www.europesays.com\/fr\/wp-json\/wp\/v2\/posts\/294536\/revisions"}],"wp:featuredmedia":[{"embeddable":true,"href":"https:\/\/www.europesays.com\/fr\/wp-json\/wp\/v2\/media\/294537"}],"wp:attachment":[{"href":"https:\/\/www.europesays.com\/fr\/wp-json\/wp\/v2\/media?parent=294536"}],"wp:term":[{"taxonomy":"category","embeddable":true,"href":"https:\/\/www.europesays.com\/fr\/wp-json\/wp\/v2\/categories?post=294536"},{"taxonomy":"post_tag","embeddable":true,"href":"https:\/\/www.europesays.com\/fr\/wp-json\/wp\/v2\/tags?post=294536"}],"curies":[{"name":"wp","href":"https:\/\/api.w.org\/{rel}","templated":true}]}}