{"id":294538,"date":"2025-08-03T23:21:11","date_gmt":"2025-08-03T23:21:11","guid":{"rendered":"https:\/\/www.europesays.com\/fr\/294538\/"},"modified":"2025-08-03T23:21:11","modified_gmt":"2025-08-03T23:21:11","slug":"usa-les-droits-de-douane-sont-quasiment-definitifs-selon-le-representant-au-commerce-03-08-2025-a-1721","status":"publish","type":"post","link":"https:\/\/www.europesays.com\/fr\/294538\/","title":{"rendered":"USA: les droits de douane sont \u00ab\u00a0quasiment d\u00e9finitifs\u00a0\u00bb, selon le repr\u00e9sentant au Commerce &#8211; 03\/08\/2025 \u00e0 17:21"},"content":{"rendered":"<p>        <img fetchpriority=\"high\" decoding=\"async\" src=\"https:\/\/www.europesays.com\/fr\/wp-content\/uploads\/2025\/08\/d03f6062cf7b15980e8109f781594c3a-760x507.jpg\" alt=\"Le repr\u00e9sentant am\u00e9ricain au Commerce, Jamieson Greer walks marche vers l'aile Ouest de la Maison blanche \u00e0 Washington, DC, le 1er ao\u00fbt 2025 ( AFP \/ Jim WATSON )\" loading=\"eager\" width=\"760\" height=\"507\" style=\"max-width: 100%!important; height: auto;\"\/><\/p>\n<p class=\"c-image-news__legend\">Le repr\u00e9sentant am\u00e9ricain au Commerce, Jamieson Greer walks marche vers l&rsquo;aile Ouest de la Maison blanche \u00e0 Washington, DC, le 1er ao\u00fbt 2025 ( AFP \/ Jim WATSON )<\/p>\n<p>\n Les nouveaux droits de douane de Donald Trump sont \u00ab\u00a0quasiment d\u00e9finitifs\u00a0\u00bb et ne devraient pas faire l&rsquo;objet de n\u00e9gociations dans l&rsquo;imm\u00e9diat, selon le repr\u00e9sentant am\u00e9ricain au Commerce, qui a \u00e9galement d\u00e9fendu les mesures commerciales prises par le pr\u00e9sident \u00e0 l&rsquo;encontre du Br\u00e9sil.\n<\/p>\n<p>\n \u00ab\u00a0Ces droits de douane sont quasiment d\u00e9finitifs\u00a0\u00bb, a d\u00e9clar\u00e9 le repr\u00e9sentant Jamieson Greer sur la cha\u00eene CBS, lors d&rsquo;une interview pr\u00e9enregistr\u00e9e, diffus\u00e9e dimanche.\n<\/p>\n<p>\n Questionn\u00e9 sur de possibles n\u00e9gociations \u00e0 la baisse de ces surtaxes douani\u00e8res, M. Greer a dit qu&rsquo;elles n&rsquo;auraient probablement pas lieu \u00ab\u00a0dans les prochains jours\u00a0\u00bb.\n<\/p>\n<p>\n Donald Trump a sign\u00e9 jeudi le d\u00e9cret fixant le montant des nouveaux droits de douane qui toucheront plusieurs dizaines de pays, allant de 10% \u00e0 41%.\n<\/p>\n<p>\n Ces nouvelles taxes sur les importations prendront effet, pour l&rsquo;essentiel des pays, le 7 ao\u00fbt, afin de permettre aux douanes de s&rsquo;organiser pour leur collecte.\n<\/p>\n<p>\n Les produits de l&rsquo;Union europ\u00e9enne (UE), du Japon ou de la Cor\u00e9e du Sud seront tax\u00e9s \u00e0 hauteur de 15%, ceux du Royaume-Uni \u00e0 10%. L&rsquo;Indon\u00e9sie est \u00e0 19%, le Vietnam et Ta\u00efwan subissent des surtaxes de 20%.\n<\/p>\n<p>\n Pour les huit \u00e9conomies avec lesquelles les Etats-Unis ont conclu un accord, dont l&rsquo;UE et le Japon, les droits de douane \u00ab\u00a0sont plus ou moins fix\u00e9s\u00a0\u00bb, a affirm\u00e9 de son c\u00f4t\u00e9 le principal conseiller \u00e9conomique de Donald Trump, Kevin Hassett, sur la cha\u00eene NBC dimanche.\n<\/p>\n<p>\n Mais pour les dizaines de partenaires commerciaux avec lesquels aucun accord n&rsquo;a \u00e9t\u00e9 trouv\u00e9, \u00ab\u00a0nous nous attendons \u00e0 ce que les n\u00e9gociations se poursuivent\u00a0\u00bb, a-t-il ajout\u00e9.\n<\/p>\n<p>\n Ces droits de douane sont aussi un moyen de pression politique pour Donald Trump. Le Br\u00e9sil, coupable aux yeux du locataire de la Maison Blanche de poursuivre en justice son alli\u00e9 d&rsquo;extr\u00eame droite, l&rsquo;ancien pr\u00e9sident Jair Bolsonaro, va voir ses produits entrant aux \u00c9tats-Unis tax\u00e9 \u00e0 50%.\n<\/p>\n<p>\n \u00ab\u00a0Le pr\u00e9sident a constat\u00e9 au Br\u00e9sil, comme dans d&rsquo;autres pays, un mauvais usage de la loi, un mauvais usage de la d\u00e9mocratie\u00a0\u00bb, a soulign\u00e9 le repr\u00e9sentant au Commerce.\n<\/p>\n<p>\n \u00ab\u00a0Il est normal d&rsquo;utiliser ces outils (tarifaires) pour des questions g\u00e9opolitiques\u00a0\u00bb, a-t-il ajout\u00e9.\n<\/p>\n<p>\n Le juge de la Cour supr\u00eame du Br\u00e9sil charg\u00e9 du proc\u00e8s de Jair Bolsonaro a affirm\u00e9 vendredi que la justice br\u00e9silienne ne se plierait pas aux \u00ab\u00a0menaces\u00a0\u00bb de l&rsquo;administration Trump.<\/p>\n","protected":false},"excerpt":{"rendered":"Le repr\u00e9sentant am\u00e9ricain au Commerce, Jamieson Greer walks marche vers l&rsquo;aile Ouest de la Maison blanche \u00e0 Washington,&hellip;\n","protected":false},"author":2,"featured_media":294539,"comment_status":"","ping_status":"","sticky":false,"template":"","format":"standard","meta":{"footnotes":""},"categories":[1589],"tags":[400,11,398,408,405,73,1866,403,402,399,404,12,401,406,1864,1865,1863,308,407],"class_list":{"0":"post-294538","1":"post","2":"type-post","3":"status-publish","4":"format-standard","5":"has-post-thumbnail","7":"category-etats-unis","8":"tag-action-cac-40","9":"tag-actualites","10":"tag-bourse-de-paris","11":"tag-boursorama","12":"tag-cotations","13":"tag-etats-unis","14":"tag-etats-unis-damerique","15":"tag-indices-devises","16":"tag-investir","17":"tag-investissement","18":"tag-marche-boursier","19":"tag-news","20":"tag-sicav","21":"tag-trackers","22":"tag-united-states","23":"tag-united-states-of-america","24":"tag-us","25":"tag-usa","26":"tag-warrants"},"share_on_mastodon":{"url":"https:\/\/pubeurope.com\/@fr\/114967405159919467","error":""},"_links":{"self":[{"href":"https:\/\/www.europesays.com\/fr\/wp-json\/wp\/v2\/posts\/294538","targetHints":{"allow":["GET"]}}],"collection":[{"href":"https:\/\/www.europesays.com\/fr\/wp-json\/wp\/v2\/posts"}],"about":[{"href":"https:\/\/www.europesays.com\/fr\/wp-json\/wp\/v2\/types\/post"}],"author":[{"embeddable":true,"href":"https:\/\/www.europesays.com\/fr\/wp-json\/wp\/v2\/users\/2"}],"replies":[{"embeddable":true,"href":"https:\/\/www.europesays.com\/fr\/wp-json\/wp\/v2\/comments?post=294538"}],"version-history":[{"count":0,"href":"https:\/\/www.europesays.com\/fr\/wp-json\/wp\/v2\/posts\/294538\/revisions"}],"wp:featuredmedia":[{"embeddable":true,"href":"https:\/\/www.europesays.com\/fr\/wp-json\/wp\/v2\/media\/294539"}],"wp:attachment":[{"href":"https:\/\/www.europesays.com\/fr\/wp-json\/wp\/v2\/media?parent=294538"}],"wp:term":[{"taxonomy":"category","embeddable":true,"href":"https:\/\/www.europesays.com\/fr\/wp-json\/wp\/v2\/categories?post=294538"},{"taxonomy":"post_tag","embeddable":true,"href":"https:\/\/www.europesays.com\/fr\/wp-json\/wp\/v2\/tags?post=294538"}],"curies":[{"name":"wp","href":"https:\/\/api.w.org\/{rel}","templated":true}]}}