{"id":29455,"date":"2025-04-16T15:15:27","date_gmt":"2025-04-16T15:15:27","guid":{"rendered":"https:\/\/www.europesays.com\/fr\/29455\/"},"modified":"2025-04-16T15:15:27","modified_gmt":"2025-04-16T15:15:27","slug":"meurthe-et-moselle-des-pieces-imposantes-de-daum-exposees-pres-de-nancy-rappellent-son-passage-a-lart-deco","status":"publish","type":"post","link":"https:\/\/www.europesays.com\/fr\/29455\/","title":{"rendered":"Meurthe-et-Moselle. Des pi\u00e8ces imposantes de Daum expos\u00e9es pr\u00e8s de Nancy rappellent son passage \u00e0 l\u2019Art d\u00e9co"},"content":{"rendered":"<p>Il y a l\u00e0 un paradoxe apparent. Apr\u00e8s tout, l\u2019Art d\u00e9co pr\u00f4ne une relative simplicit\u00e9. Apr\u00e8s les folles envol\u00e9es lyriques, animales et organiques de l\u2019Art nouveau (et de l\u2019\u00c9cole de Nancy), qui multipliait motifs de v\u00e9g\u00e9taux, d\u2019insectes et de fleurs diverses sur ses vases, verres et pieds de lampes en verre, l\u2019Art d\u00e9co, au contraire, <a href=\"https:\/\/www.estrepublicain.fr\/culture-loisirs\/2025\/04\/06\/style-lieux-monument-tout-ce-qu-il-y-a-a-savoir-sur-l-art-deco-a-nancy\" target=\"_blank\" rel=\"noopener\">a jou\u00e9 la carte de la sobri\u00e9t\u00e9 et des motifs g\u00e9om\u00e9triques.<\/a><\/p>\n<p>Et c\u2019est bien ce que portent en leurs flancs, et leurs formes, les verreries expos\u00e9es ce mois-ci sur les socles de la galerie Graffigny\u00a0: la simplicit\u00e9.<\/p>\n<p>En revanche, elles en imposent\u00a0! La plupart des 34 (tr\u00e8s belles) pi\u00e8ces s\u00e9lectionn\u00e9es pour l\u2019\u00e9v\u00e9nement Le Souffle du verre Art d\u00e9co se distinguent en effet par leurs volumineuses dimensions. C\u2019est\u00a0aussi pour cette raison que le Mus\u00e9e des beaux-arts de Nancy les a choisies.<\/p>\n<p>Cette exposition printani\u00e8re est le fruit d\u2019une collaboration. Si elle s\u2019affiche dans les murs du \u00ab\u00a0ch\u00e2teau\u00a0\u00bb de Villers-l\u00e8s-Nancy, c\u2019est en puisant dans les collections du mus\u00e9e de Nancy, ou plus exactement dans ses r\u00e9serves, en l\u2019occurrence des pi\u00e8ces rarement vues, parce qu\u2019encombrantes.<\/p>\n<p>\u00ab\u00a0Cinq d\u2019entre elles pourraient suffire \u00e0 remplir nos vitrines au mus\u00e9e\u00a0\u00bb, ajoute Marion Pacot, attach\u00e9e de conservation au mus\u00e9e, dont le sous-sol, rappelons-le, est tout entier consacr\u00e9 aux verreries-cristalleries Daum, fleuron industriel de Nancy.<\/p>\n<p>  Amphores antiques<\/p>\n<p>C\u2019est une chance pour ces 34 pi\u00e8ces de pouvoir sortir de leur invisibilit\u00e9, au moins momentan\u00e9ment. Choisies pour leur taille, donc. Mais avant tout pour la p\u00e9riode de leur fabrication\u00a0: des ann\u00e9es 20 jusqu\u2019\u00e0 la fin des ann\u00e9es 30. L\u2019\u00e9v\u00e9nement s\u2019inscrit dans le cadre <a href=\"https:\/\/www.estrepublicain.fr\/culture-loisirs\/2024\/10\/16\/metro-folies-les-annees-folles-s-emparent-du-grand-nancy\" target=\"_blank\" rel=\"noopener\">du programme M\u00e9tro\u2019Folies<\/a> c\u00e9l\u00e9brant le centenaire du mouvement Art d\u00e9co.<\/p>\n<p>Les verreries Daum, pourtant grandes d\u00e9fenseuses de l\u2019Art nouveau, en avaient pris le virage \u00e0 bras-le-corps. \u00ab\u00a0D\u2019autant plus qu\u2019\u00e0 cette m\u00eame \u00e9poque, l\u2019entreprise change de mains\u00a0: dans la foul\u00e9e d\u2019Antonin Daum, c\u2019est son neveu Paul qui prend les r\u00eanes.\u00a0\u00bb Il imprime \u00e0 la verrerie une nouvelle direction.<\/p>\n<p>\u00ab\u00a0Cela se traduit \u00e0 la fois dans les formes, amphores, coupes, crat\u00e8res (sous influence de classique, de l\u2019antique) mais aussi sur la d\u00e9co, o\u00f9 l\u2019on retrouve chevrons, oves, frises et spirales, par exemple.\u00a0\u00bb<\/p>\n<p>Dans les ateliers Daum, l\u2019\u00e9poque voit aussi s\u2019inviter de nouvelles techniques. Sur les socles, l\u2019\u0153il expert rep\u00e8re la m\u00e9thode de gravure \u00e0 la roue ou \u00e0 l\u2019acide fluorhydrique, mais aussi les d\u00e9cors intercalaires, le verre givr\u00e9, ou encore la gravure \u00e0 tr\u00e8s gros relief, quasi \u00ab\u00a0taill\u00e9e\u00a0\u00bb dans la masse.<\/p>\n<p>  Nouvelle palette de couleurs<\/p>\n<p>\u00ab\u00a0Cette p\u00e9riode permet par ailleurs de beaucoup jouer sur les effets de mati\u00e8res, et une forme d\u2019impr\u00e9visibilit\u00e9. La technique du bullage \u00e0 la soude, par exemple, ne permettait pas d\u2019anticiper la fa\u00e7on dont les bulles allaient se r\u00e9partir dans la masse du verre.\u00a0\u00bb<\/p>\n<p>Quant aux couleurs, elles sont utilis\u00e9es avec plus de parcimonie qu\u2019autrefois, moins nombreuses sur le m\u00eame objet. \u00ab\u00a0En revanche, a jailli une nouvelle palette. C\u2019est tr\u00e8s net par exemple avec une lampe expos\u00e9e d\u2019un violet tr\u00e8s intense, vraiment tr\u00e8s originale. D\u2019ailleurs, elle pourrait largement figurer dans notre expo permanente, si on lui faisait un peu de place.\u00a0\u00bb En attendant, c\u2019est \u00e0 la galerie Graffigny que \u00e7a se passe\u00a0!<\/p>\n<p class=\"note\">Le Souffle du verre Art d\u00e9co, galerie Graffigny, Villers-l\u00e8s-Nancy, du mercredi au samedi (14\u00a0h-18\u00a0h\u00a030) et dimanche (14\u00a0h-18\u00a0h), jusqu\u2019au 27\u00a0avril. Entr\u00e9e libre.<\/p>\n","protected":false},"excerpt":{"rendered":"Il y a l\u00e0 un paradoxe apparent. Apr\u00e8s tout, l\u2019Art d\u00e9co pr\u00f4ne une relative simplicit\u00e9. Apr\u00e8s les folles&hellip;\n","protected":false},"author":2,"featured_media":29456,"comment_status":"","ping_status":"","sticky":false,"template":"","format":"standard","meta":{"footnotes":""},"categories":[9635],"tags":[1111,11,1477,1687,33,1704,1777,674,2271,1011,27,775,10262,1702,12,2661,25,10261],"class_list":{"0":"post-29455","1":"post","2":"type-post","3":"status-publish","4":"format-standard","5":"has-post-thumbnail","7":"category-nancy","8":"tag-actu","9":"tag-actualites","10":"tag-artisanat","11":"tag-culture-loisirs","12":"tag-economie","13":"tag-edition-nancy-et-agglomeration","14":"tag-eu","15":"tag-europe","16":"tag-exposition-arts-plastiques","17":"tag-fr","18":"tag-france","19":"tag-grand-est","20":"tag-metropole-du-grand-nancy-54b5","21":"tag-nancy","22":"tag-news","23":"tag-patrimoine-culturel","24":"tag-republique-francaise","25":"tag-villers-les-nancy"},"share_on_mastodon":{"url":"https:\/\/pubeurope.com\/@fr\/114348302198033390","error":""},"_links":{"self":[{"href":"https:\/\/www.europesays.com\/fr\/wp-json\/wp\/v2\/posts\/29455","targetHints":{"allow":["GET"]}}],"collection":[{"href":"https:\/\/www.europesays.com\/fr\/wp-json\/wp\/v2\/posts"}],"about":[{"href":"https:\/\/www.europesays.com\/fr\/wp-json\/wp\/v2\/types\/post"}],"author":[{"embeddable":true,"href":"https:\/\/www.europesays.com\/fr\/wp-json\/wp\/v2\/users\/2"}],"replies":[{"embeddable":true,"href":"https:\/\/www.europesays.com\/fr\/wp-json\/wp\/v2\/comments?post=29455"}],"version-history":[{"count":0,"href":"https:\/\/www.europesays.com\/fr\/wp-json\/wp\/v2\/posts\/29455\/revisions"}],"wp:featuredmedia":[{"embeddable":true,"href":"https:\/\/www.europesays.com\/fr\/wp-json\/wp\/v2\/media\/29456"}],"wp:attachment":[{"href":"https:\/\/www.europesays.com\/fr\/wp-json\/wp\/v2\/media?parent=29455"}],"wp:term":[{"taxonomy":"category","embeddable":true,"href":"https:\/\/www.europesays.com\/fr\/wp-json\/wp\/v2\/categories?post=29455"},{"taxonomy":"post_tag","embeddable":true,"href":"https:\/\/www.europesays.com\/fr\/wp-json\/wp\/v2\/tags?post=29455"}],"curies":[{"name":"wp","href":"https:\/\/api.w.org\/{rel}","templated":true}]}}