{"id":294557,"date":"2025-08-03T23:34:10","date_gmt":"2025-08-03T23:34:10","guid":{"rendered":"https:\/\/www.europesays.com\/fr\/294557\/"},"modified":"2025-08-03T23:34:10","modified_gmt":"2025-08-03T23:34:10","slug":"johann-zarco-a-vecu-une-course-incroyablement-difficile-a-suzuka","status":"publish","type":"post","link":"https:\/\/www.europesays.com\/fr\/294557\/","title":{"rendered":"Johann Zarco a v\u00e9cu une course \u00ab incroyablement difficile \u00bb \u00e0 Suzuka"},"content":{"rendered":"<p class=\"my-0\">Au soir de la 46e \u00e9dition des 8H de Suzuka et de sa deuxi\u00e8me victoire cons\u00e9cutive au Japon, Johann Zarco savoure son triomphe. Tout au long de la matin\u00e9e, Zarco et son \u00e9quipier, Takumi Takahashi ont altern\u00e9 les relais avec une constance impressionnante. Contrainte suppl\u00e9mentaire par rapport \u00e0 leurs concurrents : tous les autres \u00e9quipages \u00e9taient compos\u00e9s de trois pilotes.<\/p>\n<p class=\"my-0\">Apr\u00e8s s\u2019\u00eatre install\u00e9 en t\u00eate, et lors de chaque relais, ils ont toutefois pr\u00e9serv\u00e9 une avance confortable, oscillant souvent entre 20 et 40 secondes, malgr\u00e9 les assauts r\u00e9p\u00e9t\u00e9s de leurs rivaux. Le troisi\u00e8me arr\u00eat aux stands, effectu\u00e9 par Takahashi au 83e tour, a marqu\u00e9 un tournant. Prolong\u00e9 de quelques minutes, il a permis au Honda HRC de s\u2019arr\u00eater une fois de moins. Coup strat\u00e9gique d\u00e9cisif dans la lutte pour la victoire.<\/p>\n<p class=\"my-0\">\u00ab Les 8H de Suzuka est une course que j\u2019appr\u00e9cie beaucoup, et \u00eatre sur la meilleure moto, une moto o\u00f9 il est vraiment plaisant de rouler, c\u2019est absolument g\u00e9nial. En m\u00eame temps, aujourd\u2019hui c\u2019\u00e9tait si dur, tellement \u00e9prouvant dans des conditions incroyablement difficiles. \u00bb confie-t-il au soir de la course, via des propos relay\u00e9s par Honda HRC.<\/p>\n<p class=\"my-0\">\u00ab J\u2019ai pu garder le contr\u00f4le sur la piste, comme je m\u2019y attendais, mais r\u00e9cup\u00e9rer entre les relais a \u00e9t\u00e9 beaucoup plus difficile que ce que j\u2019avais imagin\u00e9. \u00bb La course n\u2019a pas \u00e9t\u00e9 un long fleuve tranquille, de nombreux impr\u00e9vus mettant les nerfs du HRC \u00e0 rude \u00e9preuve, alors que Yamaha restait une menace.<\/p>\n<p><strong>\u00c0 LIRE AUSSI &gt;\u00a0<a href=\"https:\/\/www.autohebdo.fr\/actualites\/motogp\/8h-suzuka-2025-johann-zarco-vaiqueur.html\" rel=\"nofollow noopener\" target=\"_blank\">Johann Zarco triomphe lors des 8H de Suzuka avec Honda<\/a><\/strong><\/p>\n<p>Johann Zarco vit un r\u00eave \u00e9veill\u00e9<\/p>\n<p class=\"my-0\">Il a toutefois pu compter sur un \u00e9quipier solide. Les efforts de Takahashi, recordman de victoires \u00e0 Suzuka, ont en effet \u00e9t\u00e9 d\u00e9terminants pour d\u00e9crocher ce succ\u00e8s : \u00ab Un \u00e9norme bravo et merci \u00e0 Takumi, qui a \u00e9t\u00e9 incroyablement fort. Dans tous les relais, quelle que soit la chaleur, il n\u2019a montr\u00e9 aucune faiblesse. C\u2019est un avantage \u00e9norme pour l\u2019\u00e9quipe. Notre plan \u00e9tait \u00e9galement tr\u00e8s bon, et ne faire que sept arr\u00eats a fait la diff\u00e9rence. \u00bb<\/p>\n<p class=\"my-0\">Johann Zarco a abord\u00e9 son dernier relais sous r\u00e9gime de voiture de s\u00e9curit\u00e9. La reprise du rythme final a donc \u00e9t\u00e9 progressive. : \u00ab Dans la derni\u00e8re heure, quand c\u2019\u00e9tait \u00e0 mon tour de repartir, il y avait un autre safety car en piste, ce qui m\u2019a aid\u00e9 \u00e0 reprendre doucement le rythme, donc finalement, tout s\u2019est tr\u00e8s bien pass\u00e9. \u00bb<\/p>\n<p class=\"my-0\">Interrog\u00e9 sur le charme unique du dernier relais nocturne sous la lumi\u00e8re du circuit, Johann Zarco sourit : \u00ab C\u2019\u00e9tait vraiment magnifique. L\u2019an dernier, c\u2019est Takumi qui avait fait le dernier relais, mais cette fois, nous avons suivi le plan initial qui voulait que ce soit moi. C\u2019\u00e9tait une sensation formidable, et une fois que la temp\u00e9rature a un peu baiss\u00e9, c\u2019est devenu plus agr\u00e9able sur la moto. \u00bb<\/p>\n<p>\u00ab J\u2019ai m\u00eame commenc\u00e9 \u00e0 admirer toutes les couleurs, et la tribune le long de la ligne droite \u00e9tait vraiment magnifique. Dans d\u2019autres sections, la piste \u00e9tait tr\u00e8s sombre, et m\u00eame si je voulais aller plus vite que 2\u201909, ce n\u2019\u00e9tait vraiment pas possible. Mais ce n\u2019\u00e9tait pas n\u00e9cessaire de toute fa\u00e7on, alors j\u2019ai simplement profit\u00e9 de la course jusqu\u2019\u00e0 la ligne d\u2019arriv\u00e9e \u00bb conclut Johann Zarco.<\/p>\n","protected":false},"excerpt":{"rendered":"Au soir de la 46e \u00e9dition des 8H de Suzuka et de sa deuxi\u00e8me victoire cons\u00e9cutive au Japon,&hellip;\n","protected":false},"author":2,"featured_media":294558,"comment_status":"","ping_status":"","sticky":false,"template":"","format":"standard","meta":{"footnotes":""},"categories":[1413],"tags":[1011,27,1457,1456,60],"class_list":{"0":"post-294557","1":"post","2":"type-post","3":"status-publish","4":"format-standard","5":"has-post-thumbnail","7":"category-moto","8":"tag-fr","9":"tag-france","10":"tag-moto","11":"tag-motocycle","12":"tag-sports"},"share_on_mastodon":{"url":"https:\/\/pubeurope.com\/@fr\/114967456220594371","error":""},"_links":{"self":[{"href":"https:\/\/www.europesays.com\/fr\/wp-json\/wp\/v2\/posts\/294557","targetHints":{"allow":["GET"]}}],"collection":[{"href":"https:\/\/www.europesays.com\/fr\/wp-json\/wp\/v2\/posts"}],"about":[{"href":"https:\/\/www.europesays.com\/fr\/wp-json\/wp\/v2\/types\/post"}],"author":[{"embeddable":true,"href":"https:\/\/www.europesays.com\/fr\/wp-json\/wp\/v2\/users\/2"}],"replies":[{"embeddable":true,"href":"https:\/\/www.europesays.com\/fr\/wp-json\/wp\/v2\/comments?post=294557"}],"version-history":[{"count":0,"href":"https:\/\/www.europesays.com\/fr\/wp-json\/wp\/v2\/posts\/294557\/revisions"}],"wp:featuredmedia":[{"embeddable":true,"href":"https:\/\/www.europesays.com\/fr\/wp-json\/wp\/v2\/media\/294558"}],"wp:attachment":[{"href":"https:\/\/www.europesays.com\/fr\/wp-json\/wp\/v2\/media?parent=294557"}],"wp:term":[{"taxonomy":"category","embeddable":true,"href":"https:\/\/www.europesays.com\/fr\/wp-json\/wp\/v2\/categories?post=294557"},{"taxonomy":"post_tag","embeddable":true,"href":"https:\/\/www.europesays.com\/fr\/wp-json\/wp\/v2\/tags?post=294557"}],"curies":[{"name":"wp","href":"https:\/\/api.w.org\/{rel}","templated":true}]}}