{"id":294561,"date":"2025-08-03T23:36:11","date_gmt":"2025-08-03T23:36:11","guid":{"rendered":"https:\/\/www.europesays.com\/fr\/294561\/"},"modified":"2025-08-03T23:36:11","modified_gmt":"2025-08-03T23:36:11","slug":"tdf-tour-de-france-femmes-11","status":"publish","type":"post","link":"https:\/\/www.europesays.com\/fr\/294561\/","title":{"rendered":"TDF. Tour de France Femmes"},"content":{"rendered":"<p>Elle aura gard\u00e9 ce Maillot \u00e0 Pois de meilleure grimpeuse tout au long de ce <strong><a href=\"https:\/\/www.cyclismactu.net\/..\/news-tdf-route-tour-de-france-femmes-la-9e-etape-tour-triomphe-pauline-ferrand-prevot-89430.html\" target=\"_blank\" rel=\"noopener\">Tour de France Femmes avec Zwift<\/a><\/strong>. La Suissesse <strong>\u00c9lise Chabbey<\/strong> (FDJ-SUEZ) finit ce Tour Femmes en beaut\u00e9 avec ce maillot. Apr\u00e8s avoir recrut\u00e9 la meilleure grimpeuse du monde,<strong> <a href=\"https:\/\/www.cyclismactu.net\/..\/news-tdf-route-tour-de-france-femmes-demi-vollering-je-n-ai-obtenu-ni-etapes-ni-jaune-89432.html\" target=\"_blank\" rel=\"noopener\">Demi Vollering<\/a><\/strong> (FDJ-SUEZ), la formation de <strong>Stephan Delcourt<\/strong> avait pour ambition de remporter le <strong>Tour de France Femmes avec Zwift<\/strong>. Malheureusement, comme l\u2019an dernier, la N\u00e9erlandaise a d\u00fb se contenter de la deuxi\u00e8me place \u00e0 la fois de l\u2019\u00e9tape et du classement g\u00e9n\u00e9ral derri\u00e8re l\u2019irr\u00e9sistible<strong> <a href=\"https:\/\/www.cyclismactu.net\/..\/news-tdf-route-tour-de-france-femmes-pauline-ferrand-prevot-je-revais-de-gagner-en-jaune-89431.html\" target=\"_blank\" rel=\"noopener\">Pauline Ferrand-Pr\u00e9vot<\/a><\/strong> (Team Visma | Lease a Bike). La meilleure grimpeuse de cette Grande Boucle s\u2019est exprim\u00e9e au micro de l\u2019organisation, sur cette semaine de folie.<\/p>\n<p>Vid\u00e9o &#8211; Elise Chabbey, apr\u00e8s cette 9e \u00e9tape du Tour de France Femmes Lire la suite de l&rsquo;article&#13;<\/p>\n<p>\u00a0<\/p>\n<p>&#13;<br \/>\n<strong>\u00ab\u00a0Ce n\u2019\u00e9tait clairement pas l\u2019objectif principal de l\u2019\u00e9quipe&#8230;\u00a0\u00bb<\/strong>&#13;<\/p>\n<p>\u00ab\u00a0Franchement, je n\u2019ai pas de mots, c\u2019est un immense honneur d\u2019avoir port\u00e9 ce maillot du d\u00e9but \u00e0 la fin\u00a0\u00bb, d\u00e9bute la coureuse de 32 ans. \u00ab\u00a0C\u2019est un maillot assez iconique. On n\u2019\u00e9tait pas venues pour celui-l\u00e0, mais il est quand m\u00eame bon \u00e0 prendre et je suis trop, trop contente. Oui, Pauline [Ferrand-Pr\u00e9vot] \u00e9tait clairement la plus forte, je pense qu\u2019il faut s\u2019avouer vaincue quand il y a plus fort. Au final, deuxi\u00e8me au g\u00e9n\u00e9ral, la victoire par \u00e9quipe, et ce maillot-l\u00e0, c\u2019est quand m\u00eame un bilan positif. Le monde aujourd\u2019hui\u2026 j\u2019ai vraiment appr\u00e9ci\u00e9, parce que j\u2019\u00e9tais dans le groupe du d\u00e9but \u00e0 la fin.\u00a0\u00bb<\/p>\n<p>&#13;<\/p>\n<p>\u00a0<\/p>\n<p>&#13;<br \/>\n\u00ab\u00a0Ce sont des moments qui vont vraiment rester grav\u00e9s dans ma m\u00e9moire\u00a0\u00bb<br \/>&#13;<\/p>\n<p>Avant de conclure : \u00ab\u00a0C\u2019\u00e9tait incroyable, les gens criaient mon nom tout au long du parcours. J\u2019ai vu tellement de monde avec des maillots Leclerc \u00e0 pois, franchement, c\u2019\u00e9tait incroyable. Ce sont des moments qui vont vraiment rester grav\u00e9s dans ma m\u00e9moire. Et puis, venant d\u2019elle, c\u2019est assez incroyable : au d\u00e9but de l\u2019\u00e9tape, Demi m\u2019a dit \u201c\u00c9lise, m\u00eame si tu ne gardes pas le maillot, profite du d\u00e9but \u00e0 la fin, parce que c\u2019est un maillot incroyable \u00e0 porter.\u201d Franchement, elle a \u00e9t\u00e9 \u00e9norme de m\u2019avoir aid\u00e9e \u00e0 le d\u00e9fendre\u00a0\u00bb, conclut <strong>\u00c9lise Chabbey<\/strong>, au micro de l\u2019organisation.<\/p>\n<p>Tour de France Femmes avec Zwift &#8211; Classement de la 9\u00e8 \u00e9tape Tour de France Femmes avec Zwift &#8211; Classement g\u00e9n\u00e9ral<\/p>\n","protected":false},"excerpt":{"rendered":"Elle aura gard\u00e9 ce Maillot \u00e0 Pois de meilleure grimpeuse tout au long de ce Tour de France&hellip;\n","protected":false},"author":2,"featured_media":294562,"comment_status":"","ping_status":"","sticky":false,"template":"","format":"standard","meta":{"footnotes":""},"categories":[1411],"tags":[1154,207,211,1011,27,209,60,210,11098,212,208,213],"class_list":{"0":"post-294561","1":"post","2":"type-post","3":"status-publish","4":"format-standard","5":"has-post-thumbnail","7":"category-cyclisme","8":"tag-cycling","9":"tag-cyclisme","10":"tag-ffc","11":"tag-fr","12":"tag-france","13":"tag-route","14":"tag-sports","15":"tag-tour-de-france","16":"tag-tour-de-france-femmes","17":"tag-uci","18":"tag-velo","19":"tag-world-tour"},"share_on_mastodon":{"url":"https:\/\/pubeurope.com\/@fr\/114967464106919477","error":""},"_links":{"self":[{"href":"https:\/\/www.europesays.com\/fr\/wp-json\/wp\/v2\/posts\/294561","targetHints":{"allow":["GET"]}}],"collection":[{"href":"https:\/\/www.europesays.com\/fr\/wp-json\/wp\/v2\/posts"}],"about":[{"href":"https:\/\/www.europesays.com\/fr\/wp-json\/wp\/v2\/types\/post"}],"author":[{"embeddable":true,"href":"https:\/\/www.europesays.com\/fr\/wp-json\/wp\/v2\/users\/2"}],"replies":[{"embeddable":true,"href":"https:\/\/www.europesays.com\/fr\/wp-json\/wp\/v2\/comments?post=294561"}],"version-history":[{"count":0,"href":"https:\/\/www.europesays.com\/fr\/wp-json\/wp\/v2\/posts\/294561\/revisions"}],"wp:featuredmedia":[{"embeddable":true,"href":"https:\/\/www.europesays.com\/fr\/wp-json\/wp\/v2\/media\/294562"}],"wp:attachment":[{"href":"https:\/\/www.europesays.com\/fr\/wp-json\/wp\/v2\/media?parent=294561"}],"wp:term":[{"taxonomy":"category","embeddable":true,"href":"https:\/\/www.europesays.com\/fr\/wp-json\/wp\/v2\/categories?post=294561"},{"taxonomy":"post_tag","embeddable":true,"href":"https:\/\/www.europesays.com\/fr\/wp-json\/wp\/v2\/tags?post=294561"}],"curies":[{"name":"wp","href":"https:\/\/api.w.org\/{rel}","templated":true}]}}