{"id":294568,"date":"2025-08-03T23:40:10","date_gmt":"2025-08-03T23:40:10","guid":{"rendered":"https:\/\/www.europesays.com\/fr\/294568\/"},"modified":"2025-08-03T23:40:10","modified_gmt":"2025-08-03T23:40:10","slug":"lassociation-des-editeurs-de-corse-organise-la-deuxieme-edition-de-son-salon","status":"publish","type":"post","link":"https:\/\/www.europesays.com\/fr\/294568\/","title":{"rendered":"l\u2019association des \u00e9diteurs de Corse organise la deuxi\u00e8me \u00e9dition de son salon"},"content":{"rendered":"<p dir=\"ltr\">Le salon des \u00e9diteurs de Corse revient pour la deuxi\u00e8me fois \u00e0 Luri les 9 et 10 ao\u00fbt prochains. Organis\u00e9 par l\u2019Association des \u00e9diteurs de Corse, en partenariat avec la Collectivit\u00e9 de Corse et la mairie de Luri, l\u2019\u00e9v\u00e9nement s\u2019installera \u00e0 nouveau entre la place de la mairie et la salle polyvalente, en plein c\u0153ur du village. Un emplacement choisi avec soin par les organisateurs. \u201cOn a d\u2019abord choisi ce lieu parce qu\u2019il y a un espace tr\u00e8s favorable pour une exposition en plein air, une grande place \u00e0 Luri qui se pr\u00eate tr\u00e8s bien \u00e0 ce type d&rsquo;exposition\u201d, explique Alain Piazzola, pr\u00e9sident de l\u2019association. <\/p>\n<p dir=\"ltr\">L\u2019autre raison d\u00e9terminante concerne le manque de points de vente dans la r\u00e9gion. \u201cIl y a vraiment un d\u00e9ficit de librairies dans le Cap Corse, ce qui fait qu&rsquo;on s\u2019est dit que ce serait bien d\u2019organiser un salon dans un point strat\u00e9gique comme celui-ci.\u201d L\u2019ann\u00e9e derni\u00e8re, lors de la premi\u00e8re \u00e9dition, le public avait \u00e9t\u00e9 au rendez-vous, \u00e0 la grande surprise des membres de l\u2019association. \u201cC\u2019\u00e9tait notre premier salon en Corse, et pourtant on a eu un public qui est venu en permanence, et qui a surtout achet\u00e9 beaucoup de livres. Je crois qu\u2019on en a vendu plusieurs centaines\u201d, d\u00e9taille Alain Piazzola. <br \/>\u00a0 <\/p>\n<p dir=\"ltr\"><strong>Une programmation vari\u00e9e<\/strong> <br \/>Cette ann\u00e9e, l\u2019Association des \u00e9diteurs de Corse entend faire encore mieux, avec la pr\u00e9sence attendue d\u2019une vingtaine de structures, qu\u2019il s\u2019agisse d\u2019associations, d\u2019\u00e9diteurs ou de groupes venus de toute la Corse, mais pas seulement. \u201cIl va y avoir beaucoup plus de monde que l&rsquo;an dernier en termes d&rsquo;exposition. On va \u00eatre entre quinze et vingt, avec bien entendu la plupart des \u00e9diteurs qui font partie de notre association, mais \u00e9galement des \u00e9diteurs venus d\u2019autres horizons, et qu\u2019on accueille tr\u00e8s volontiers\u201d, indique le pr\u00e9sident de l\u2019association. Parmi eux, des acteurs bien connus du paysage \u00e9ditorial insulaire comme Corsica Comix, Les Immortelles ou encore Storia Corsa Edizioni, mais aussi une maison d\u2019\u00e9dition du continent, Musa Nostra, qui publie des ouvrages en lien avec la Corse. \u201cC\u2019est une manifestation qui suscite int\u00e9r\u00eat et engouement, \u00e0 notre grande satisfaction.\u201d <br \/>\u00a0 <\/p>\n<p dir=\"ltr\">Au-del\u00e0 des stands d\u2019\u00e9diteurs, le salon proposera, comme l\u2019ann\u00e9e derni\u00e8re, une programmation vari\u00e9e : tables rondes, lectures, expositions et d\u00e9dicaces rythmeront les deux journ\u00e9es de l\u2019\u00e9v\u00e9nement. Les conf\u00e9rences, quant \u00e0 elles, s\u2019articuleront autour de grandes th\u00e9matiques, en lien avec des publications r\u00e9centes, comme \u201cles ressources en eau dans les \u00eeles de M\u00e9diterran\u00e9e\u201d, \u201cl\u2019h\u00e9ritage de Pascal Paoli 300 ans apr\u00e8s sa naissance\u201d, ou encore \u201cle lien entre Dante et la Corse\u201d. \u201cIl y a plusieurs th\u00e9matiques qui correspondent \u00e0 des publications d&rsquo;\u00e9diteurs, puisqu&rsquo;on demande \u00e0 chacun de faire part de ce qu&rsquo;il souhaite pr\u00e9senter ou d\u00e9fendre au cours de ce salon. Tous les horizons seront repr\u00e9sent\u00e9s.\u201d <br \/>\u00a0 <\/p>\n<p dir=\"ltr\">Les nouveaut\u00e9s \u00e9ditoriales seront aussi \u00e0 l\u2019honneur \u00e0 travers une s\u00e9ance d\u00e9di\u00e9e, au cours de laquelle chaque maison pr\u00e9sentera ses titres publi\u00e9s en 2025. L\u2019occasion de mettre en lumi\u00e8re \u201cla diversit\u00e9 des publications\u201d, qu\u2019elles concernent \u201cle patrimoine, la langue, la bande dessin\u00e9e, l\u2019histoire ou le roman\u201d. \u201cOn essaie de pr\u00e9senter un peu toutes les facettes du monde \u00e9ditorial\u201d, souligne Alain Piazzola. <\/p>\n<p>Mais le salon des \u00e9diteurs de Corse ne se limite pas aux nouveaut\u00e9s. L\u2019un des axes forts port\u00e9s par l\u2019association est de redonner de la visibilit\u00e9 aux ouvrages plus anciens. \u201cLe salon permet de mettre l\u2019accent sur des th\u00e9matiques et des nouveaut\u00e9s, mais il permet aussi, \u00e9tant donn\u00e9 que l\u2019espace s\u2019y pr\u00eate, de pr\u00e9senter des livres de fond\u201d, d\u00e9taille le pr\u00e9sident de l\u2019Association des \u00e9diteurs de Corse. \u201cUn livre peut encore avoir une existence m\u00eame s&rsquo;il a \u00e9t\u00e9 publi\u00e9 il y a vingt ans. Il a encore une place. Et c&rsquo;est cette diversit\u00e9, cette anciennet\u00e9 des livres que nous souhaitons \u00e9galement pr\u00e9senter au cours de ces salons.\u201d <\/p>\n","protected":false},"excerpt":{"rendered":"Le salon des \u00e9diteurs de Corse revient pour la deuxi\u00e8me fois \u00e0 Luri les 9 et 10 ao\u00fbt&hellip;\n","protected":false},"author":2,"featured_media":294569,"comment_status":"","ping_status":"","sticky":false,"template":"","format":"standard","meta":{"footnotes":""},"categories":[1357],"tags":[5622,5621,6777,1379,5624,11049,2517,11050,11051,11052,58,59,118,1011,27,14914,1380,43459,2487],"class_list":{"0":"post-294568","1":"post","2":"type-post","3":"status-publish","4":"format-standard","5":"has-post-thumbnail","7":"category-livres","8":"tag-ajaccio","9":"tag-bastia","10":"tag-bonjour","11":"tag-books","12":"tag-calvi","13":"tag-cni","14":"tag-corse","15":"tag-corse-net-infos","16":"tag-corsenetinfos","17":"tag-corsica","18":"tag-divertissement","19":"tag-entertainment","20":"tag-faits-divers","21":"tag-fr","22":"tag-france","23":"tag-lingua-corsa","24":"tag-livres","25":"tag-luri-lassociation-des-editeurs-de-corse-organise-la-deuxieme-edition-de-son-salon","26":"tag-meteo"},"share_on_mastodon":{"url":"https:\/\/pubeurope.com\/@fr\/114967479895023254","error":""},"_links":{"self":[{"href":"https:\/\/www.europesays.com\/fr\/wp-json\/wp\/v2\/posts\/294568","targetHints":{"allow":["GET"]}}],"collection":[{"href":"https:\/\/www.europesays.com\/fr\/wp-json\/wp\/v2\/posts"}],"about":[{"href":"https:\/\/www.europesays.com\/fr\/wp-json\/wp\/v2\/types\/post"}],"author":[{"embeddable":true,"href":"https:\/\/www.europesays.com\/fr\/wp-json\/wp\/v2\/users\/2"}],"replies":[{"embeddable":true,"href":"https:\/\/www.europesays.com\/fr\/wp-json\/wp\/v2\/comments?post=294568"}],"version-history":[{"count":0,"href":"https:\/\/www.europesays.com\/fr\/wp-json\/wp\/v2\/posts\/294568\/revisions"}],"wp:featuredmedia":[{"embeddable":true,"href":"https:\/\/www.europesays.com\/fr\/wp-json\/wp\/v2\/media\/294569"}],"wp:attachment":[{"href":"https:\/\/www.europesays.com\/fr\/wp-json\/wp\/v2\/media?parent=294568"}],"wp:term":[{"taxonomy":"category","embeddable":true,"href":"https:\/\/www.europesays.com\/fr\/wp-json\/wp\/v2\/categories?post=294568"},{"taxonomy":"post_tag","embeddable":true,"href":"https:\/\/www.europesays.com\/fr\/wp-json\/wp\/v2\/tags?post=294568"}],"curies":[{"name":"wp","href":"https:\/\/api.w.org\/{rel}","templated":true}]}}