{"id":294586,"date":"2025-08-03T23:49:16","date_gmt":"2025-08-03T23:49:16","guid":{"rendered":"https:\/\/www.europesays.com\/fr\/294586\/"},"modified":"2025-08-03T23:49:16","modified_gmt":"2025-08-03T23:49:16","slug":"dragon-bravo-un-incendie-geant-dune-intensite-historique-ravage-le-grand-canyon-2","status":"publish","type":"post","link":"https:\/\/www.europesays.com\/fr\/294586\/","title":{"rendered":"Dragon Bravo, un incendie g\u00e9ant d\u2019une intensit\u00e9 historique, ravage le Grand Canyon"},"content":{"rendered":"<p>C\u2019est un m\u00e9gafeu historique. Aux <a href=\"https:\/\/www.20minutes.fr\/monde\/etats-unis\/\" class=\"color-ultramarine c-link\" target=\"_blank\" rel=\"noopener\">\u00c9tats-Unis<\/a>, le plus vaste incendie de l\u2019ann\u00e9e s\u2019\u00e9tend actuellement dans le parc national du Grand Canyon, en <a href=\"https:\/\/www.20minutes.fr\/dossier\/arizona\" class=\"color-ultramarine c-link\" target=\"_blank\" rel=\"noopener\">Arizona<\/a>. Baptis\u00e9 Dragon Bravo, ce feu a d\u00e9j\u00e0 consum\u00e9 plus de 46.000 hectares sur la rive nord du parc, ferm\u00e9e au public. Selon le <a href=\"https:\/\/www.nytimes.com\/2025\/08\/02\/weather\/dragon-bravo-fire-grand-canyon-update.html\" rel=\"nofollow noopener\" target=\"_blank\" class=\"color-ultramarine c-link\">New York Times<\/a>, il a \u00e9t\u00e9 d\u00e9clench\u00e9 par la foudre le 4\u00a0juillet, dans une zone rocailleuse surnomm\u00e9e \u00ab\u00a0le Dragon\u00a0\u00bb. Initialement surveill\u00e9 comme un br\u00fblage contr\u00f4l\u00e9 par les autorit\u00e9s f\u00e9d\u00e9rales, l\u2019incendie a \u00e9chapp\u00e9 \u00e0 tout contr\u00f4le.<\/p>\n<p>Un \u00e9pisode de vents violents le 11\u00a0juillet a fait sauter les lignes de confinement, entra\u00eenant la destruction de plusieurs structures embl\u00e9matiques, dont le Grand Canyon Lodge, le centre d\u2019accueil de la rive nord et plusieurs cabanes de visiteurs. La gouverneure de l\u2019Arizona, Katie Hobbs, a r\u00e9clam\u00e9 une enqu\u00eate sur la gestion initiale du sinistre.<\/p>\n<p>Encourag\u00e9 par une saison tr\u00e8s s\u00e8che<\/p>\n<p>Aliment\u00e9 par une v\u00e9g\u00e9tation exceptionnellement s\u00e8che, dans un contexte de mousson tr\u00e8s faible (la troisi\u00e8me saison la plus s\u00e8che jamais enregistr\u00e9e, selon le m\u00e9t\u00e9orologue Benjamin Peterson, interrog\u00e9 par le New York Times) l\u2019incendie continue de progresser. Les pr\u00e9cipitations, rares et pr\u00e9coces en juillet, n\u2019ont apport\u00e9 que quelques centim\u00e8tres d\u2019eau dans la r\u00e9gion, bien en dessous de la moyenne. L\u2019air sec, avec des taux d\u2019humidit\u00e9 \u00e0 un chiffre, accentue l\u2019inflammabilit\u00e9 des for\u00eats mixtes de conif\u00e8res de la rive nord, o\u00f9 certains arbres d\u00e9passent les 30 m\u00e8tres.<\/p>\n<\/p>\n<p>L\u2019incendie est d\u00e9sormais combattu de mani\u00e8re active, selon Lisa Jennings, porte-parole de l\u2019\u00e9quipe r\u00e9gionale de gestion des incendies. Mais la topographie accident\u00e9e du canyon complique les op\u00e9rations\u00a0: les vents s\u2019acc\u00e9l\u00e8rent dans les gorges, propageant des braises \u00e0 plus d\u2019un kilom\u00e8tre. La rive sud du parc, la plus fr\u00e9quent\u00e9e, reste ouverte, bien que les sentiers reliant les deux rives, comme Bright Angel ou Kaibab, soient ferm\u00e9s en raison de la fum\u00e9e. \u00c0 certains endroits, les flammes sont visibles \u00e0 18 kilom\u00e8tres, de l\u2019autre c\u00f4t\u00e9 du canyon.<\/p>\n","protected":false},"excerpt":{"rendered":"C\u2019est un m\u00e9gafeu historique. Aux \u00c9tats-Unis, le plus vaste incendie de l\u2019ann\u00e9e s\u2019\u00e9tend actuellement dans le parc national&hellip;\n","protected":false},"author":2,"featured_media":294587,"comment_status":"","ping_status":"","sticky":false,"template":"","format":"standard","meta":{"footnotes":""},"categories":[5],"tags":[47,11,38500,73,1011,27,1310,14,74,12,52,28],"class_list":{"0":"post-294586","1":"post","2":"type-post","3":"status-publish","4":"format-standard","5":"has-post-thumbnail","7":"category-international","8":"tag-actualite","9":"tag-actualites","10":"tag-arizona","11":"tag-etats-unis","12":"tag-fr","13":"tag-france","14":"tag-incendie","15":"tag-international","16":"tag-monde","17":"tag-news","18":"tag-planete","19":"tag-world"},"share_on_mastodon":{"url":"https:\/\/pubeurope.com\/@fr\/114967515227863948","error":""},"_links":{"self":[{"href":"https:\/\/www.europesays.com\/fr\/wp-json\/wp\/v2\/posts\/294586","targetHints":{"allow":["GET"]}}],"collection":[{"href":"https:\/\/www.europesays.com\/fr\/wp-json\/wp\/v2\/posts"}],"about":[{"href":"https:\/\/www.europesays.com\/fr\/wp-json\/wp\/v2\/types\/post"}],"author":[{"embeddable":true,"href":"https:\/\/www.europesays.com\/fr\/wp-json\/wp\/v2\/users\/2"}],"replies":[{"embeddable":true,"href":"https:\/\/www.europesays.com\/fr\/wp-json\/wp\/v2\/comments?post=294586"}],"version-history":[{"count":0,"href":"https:\/\/www.europesays.com\/fr\/wp-json\/wp\/v2\/posts\/294586\/revisions"}],"wp:featuredmedia":[{"embeddable":true,"href":"https:\/\/www.europesays.com\/fr\/wp-json\/wp\/v2\/media\/294587"}],"wp:attachment":[{"href":"https:\/\/www.europesays.com\/fr\/wp-json\/wp\/v2\/media?parent=294586"}],"wp:term":[{"taxonomy":"category","embeddable":true,"href":"https:\/\/www.europesays.com\/fr\/wp-json\/wp\/v2\/categories?post=294586"},{"taxonomy":"post_tag","embeddable":true,"href":"https:\/\/www.europesays.com\/fr\/wp-json\/wp\/v2\/tags?post=294586"}],"curies":[{"name":"wp","href":"https:\/\/api.w.org\/{rel}","templated":true}]}}