{"id":294594,"date":"2025-08-03T23:57:10","date_gmt":"2025-08-03T23:57:10","guid":{"rendered":"https:\/\/www.europesays.com\/fr\/294594\/"},"modified":"2025-08-03T23:57:10","modified_gmt":"2025-08-03T23:57:10","slug":"les-petits-debrouillards-a-la-garde-explorent-lalimentation-entre-ateliers-et-partages","status":"publish","type":"post","link":"https:\/\/www.europesays.com\/fr\/294594\/","title":{"rendered":"[Les Petits D\u00e9brouillards] \u00e0 La Garde explorent l\u2019alimentation entre ateliers et partages"},"content":{"rendered":"\n<p>Apr\u00e8s avoir d\u00e9pli\u00e9 nos tables et d\u00e9fait nos caisses d\u2019animation en avril \u00e0 la Beaussi\u00e8re, un quartier de La Garde, nous y revoil\u00e0 pour continuer \u00e0 approfondir le sujet de l\u2019alimentation. Nous y retrouvons les fid\u00e8les habitants du quartier, assis sur les bancs en pierre de la place de la fraternit\u00e9 et toujours partants pour d\u00e9couvrir les nouvelles activit\u00e9s que l\u2019on peut leur pr\u00e9senter. Cette semaine, ils ont particuli\u00e8rement aim\u00e9 le timeline sur l\u2019alimentation et ce que nous avons pr\u00e9f\u00e9r\u00e9 refaire avec eux l\u2019atelier cuisine avec L\u2019APAOP. Apr\u00e8s cette semaine, plus rien ne leur \u00e9chappe, ils savent m\u00eame \u00e0 quoi ressemblent les l\u00e9gumes invisibles.<\/p>\n","protected":false},"excerpt":{"rendered":"Apr\u00e8s avoir d\u00e9pli\u00e9 nos tables et d\u00e9fait nos caisses d\u2019animation en avril \u00e0 la Beaussi\u00e8re, un quartier de&hellip;\n","protected":false},"author":2,"featured_media":294595,"comment_status":"","ping_status":"","sticky":false,"template":"","format":"standard","meta":{"footnotes":""},"categories":[9619],"tags":[1111,11,1777,674,1011,27,43460,12,882,25,2310],"class_list":{"0":"post-294594","1":"post","2":"type-post","3":"status-publish","4":"format-standard","5":"has-post-thumbnail","7":"category-toulon","8":"tag-actu","9":"tag-actualites","10":"tag-eu","11":"tag-europe","12":"tag-fr","13":"tag-france","14":"tag-les-petits-debrouillards","15":"tag-news","16":"tag-provence-alpes-cote-dazur","17":"tag-republique-francaise","18":"tag-toulon"},"share_on_mastodon":{"url":"https:\/\/pubeurope.com\/@fr\/114967546639740140","error":""},"_links":{"self":[{"href":"https:\/\/www.europesays.com\/fr\/wp-json\/wp\/v2\/posts\/294594","targetHints":{"allow":["GET"]}}],"collection":[{"href":"https:\/\/www.europesays.com\/fr\/wp-json\/wp\/v2\/posts"}],"about":[{"href":"https:\/\/www.europesays.com\/fr\/wp-json\/wp\/v2\/types\/post"}],"author":[{"embeddable":true,"href":"https:\/\/www.europesays.com\/fr\/wp-json\/wp\/v2\/users\/2"}],"replies":[{"embeddable":true,"href":"https:\/\/www.europesays.com\/fr\/wp-json\/wp\/v2\/comments?post=294594"}],"version-history":[{"count":0,"href":"https:\/\/www.europesays.com\/fr\/wp-json\/wp\/v2\/posts\/294594\/revisions"}],"wp:featuredmedia":[{"embeddable":true,"href":"https:\/\/www.europesays.com\/fr\/wp-json\/wp\/v2\/media\/294595"}],"wp:attachment":[{"href":"https:\/\/www.europesays.com\/fr\/wp-json\/wp\/v2\/media?parent=294594"}],"wp:term":[{"taxonomy":"category","embeddable":true,"href":"https:\/\/www.europesays.com\/fr\/wp-json\/wp\/v2\/categories?post=294594"},{"taxonomy":"post_tag","embeddable":true,"href":"https:\/\/www.europesays.com\/fr\/wp-json\/wp\/v2\/tags?post=294594"}],"curies":[{"name":"wp","href":"https:\/\/api.w.org\/{rel}","templated":true}]}}