{"id":294596,"date":"2025-08-03T23:58:10","date_gmt":"2025-08-03T23:58:10","guid":{"rendered":"https:\/\/www.europesays.com\/fr\/294596\/"},"modified":"2025-08-03T23:58:10","modified_gmt":"2025-08-03T23:58:10","slug":"lartiste-flori-interpelle-larcher-et-bayrou-avec-une-nouvelle-affiche-satirique","status":"publish","type":"post","link":"https:\/\/www.europesays.com\/fr\/294596\/","title":{"rendered":"L\u2019artiste Flori interpelle Larcher et Bayrou avec une nouvelle affiche satirique"},"content":{"rendered":"\n<p>L\u2019artiste satirique Michel-Ange Flori a r\u00e9alis\u00e9 une nouvelle affiche sur son panneau situ\u00e9 \u00e0 l\u2019entr\u00e9e ouest de Toulon. On y voit G\u00e9rard Larcher, le pr\u00e9sident du S\u00e9nat, en regard avec le Premier ministre Fran\u00e7ois Bayrou, avec l\u2019inscription \u00ab Rendez le foie gras \u00bb. Une r\u00e9f\u00e9rence au refus des deux hommes de proposer un retour de l\u2019imp\u00f4t sur la fortune ou une taxation plus importante des superprofits et \u00e0 leurs propositions de faire davantage travailler les Fran\u00e7ais, en ajoutant une heure de travail hebdomadaire et en supprimant deux jours f\u00e9ri\u00e9s.<\/p>\n","protected":false},"excerpt":{"rendered":"L\u2019artiste satirique Michel-Ange Flori a r\u00e9alis\u00e9 une nouvelle affiche sur son panneau situ\u00e9 \u00e0 l\u2019entr\u00e9e ouest de Toulon.&hellip;\n","protected":false},"author":2,"featured_media":294597,"comment_status":"","ping_status":"","sticky":false,"template":"","format":"standard","meta":{"footnotes":""},"categories":[9619],"tags":[1111,11,43461,1777,674,1011,27,12,882,25,2310],"class_list":{"0":"post-294596","1":"post","2":"type-post","3":"status-publish","4":"format-standard","5":"has-post-thumbnail","7":"category-toulon","8":"tag-actu","9":"tag-actualites","10":"tag-biodiveriste","11":"tag-eu","12":"tag-europe","13":"tag-fr","14":"tag-france","15":"tag-news","16":"tag-provence-alpes-cote-dazur","17":"tag-republique-francaise","18":"tag-toulon"},"share_on_mastodon":{"url":"https:\/\/pubeurope.com\/@fr\/114967550656481026","error":""},"_links":{"self":[{"href":"https:\/\/www.europesays.com\/fr\/wp-json\/wp\/v2\/posts\/294596","targetHints":{"allow":["GET"]}}],"collection":[{"href":"https:\/\/www.europesays.com\/fr\/wp-json\/wp\/v2\/posts"}],"about":[{"href":"https:\/\/www.europesays.com\/fr\/wp-json\/wp\/v2\/types\/post"}],"author":[{"embeddable":true,"href":"https:\/\/www.europesays.com\/fr\/wp-json\/wp\/v2\/users\/2"}],"replies":[{"embeddable":true,"href":"https:\/\/www.europesays.com\/fr\/wp-json\/wp\/v2\/comments?post=294596"}],"version-history":[{"count":0,"href":"https:\/\/www.europesays.com\/fr\/wp-json\/wp\/v2\/posts\/294596\/revisions"}],"wp:featuredmedia":[{"embeddable":true,"href":"https:\/\/www.europesays.com\/fr\/wp-json\/wp\/v2\/media\/294597"}],"wp:attachment":[{"href":"https:\/\/www.europesays.com\/fr\/wp-json\/wp\/v2\/media?parent=294596"}],"wp:term":[{"taxonomy":"category","embeddable":true,"href":"https:\/\/www.europesays.com\/fr\/wp-json\/wp\/v2\/categories?post=294596"},{"taxonomy":"post_tag","embeddable":true,"href":"https:\/\/www.europesays.com\/fr\/wp-json\/wp\/v2\/tags?post=294596"}],"curies":[{"name":"wp","href":"https:\/\/api.w.org\/{rel}","templated":true}]}}