{"id":294602,"date":"2025-08-04T00:04:15","date_gmt":"2025-08-04T00:04:15","guid":{"rendered":"https:\/\/www.europesays.com\/fr\/294602\/"},"modified":"2025-08-04T00:04:15","modified_gmt":"2025-08-04T00:04:15","slug":"les-bons-plans-max-radio-du-04-08-au-10-08","status":"publish","type":"post","link":"https:\/\/www.europesays.com\/fr\/294602\/","title":{"rendered":"Les Bons Plans Max Radio du 04\/08 au 10\/08"},"content":{"rendered":"<p>Chaque semaine, retrouvez les meilleurs bons plans de Grenoble et Chamb\u00e9ry ! <br \/>Que vous soyez \u00e0 la recherche d&rsquo;activit\u00e9s, de sorties, d&rsquo;\u00e9v\u00e9nements ou de bonnes adresses, nous vous partageons tout ce qu&rsquo;il ne faut pas manquer.<\/p>\n<p>Les Bons Plans \u00e0 Grenoble :<\/p>\n<p> <b>Rendez-vous : le 7 ao\u00fbt, \u00e0 partir de 17h, au RockyPop.<\/b><\/p>\n<p>Pour se reconnecter \u00e0 l&rsquo;ado qui est en vous et \u00e0 celui qui est \u00e0 c\u00f4t\u00e9 de vous.<\/p>\n<p>Pour renouer avec son enfant, Frederic va tenter l&rsquo;aventure Twitch : une plateforme de streaming o\u00f9 son ado, Gabriel, a l&rsquo;habitude de pr\u00e9senter ses sessions de jeux vid\u00e9o en direct. Mais entre l&rsquo;incompr\u00e9hension du langage d&rsquo;Internet, les commentaires moqueurs des spectateurs et son manque de dext\u00e9rit\u00e9 \u00e0 la manette, Fred va d\u00e9couvrir que l&rsquo;ado qu&rsquo;il\/elle \u00e9tait hier encore a bien du mal \u00e0 se connecter \u00e0 son ado d&rsquo;aujourd&rsquo;hui.<\/p>\n<p>Une com\u00e9die tendre et d\u00e9jant\u00e9e sur le choc des g\u00e9n\u00e9rations, o\u00f9 l&rsquo;amour familial trouve un nouvel \u00e9cho avec les technologies modernes.<\/p>\n<p><a class=\"url\" href=\"https:\/\/www.grenoble-tourisme.com\/fr\/decouvrir\/evenements\/agenda\/detail\/sweet-potato-vine-7476385\/\" target=\"_blank\" rel=\"noopener\">En savoir plus.<\/a><\/p>\n<tr>\n<td class=\"defaut\"><a href=\"https:\/\/www.radioscoop.com\/agenda\/javascript:void(0)\" onclick=\"parent.RS.diaporama.addMedia(702621) ;\" target=\"_blank\" rel=\"noopener\"><img loading=\"lazy\" decoding=\"async\" src=\"https:\/\/www.europesays.com\/fr\/wp-content\/uploads\/2025\/08\/1754265851_341_img\" width=\"640\" height=\"640\" border=\"0\" title=\"bfds\"\/><\/a><\/td>\n<\/tr>\n<p> <b>Rendez-vous : jusqu&rsquo;au 30 ao\u00fbt, de 10h \u00e0 12h, au Cano\u00eb Grenoble.<\/b><\/p>\n<p>Le parcours culturel sur l&rsquo;Is\u00e8re est ponctu\u00e9 d&rsquo;anecdotes partag\u00e9es au bord de l&rsquo;eau avec un guide de l&rsquo;Office de Tourisme.<br \/>Une mani\u00e8re fra\u00eeche et ludique de se rapprocher de l&rsquo;histoire de la ville. Allier sport et culture, c&rsquo;est possible !<\/p>\n<p><a class=\"url\" href=\"https:\/\/www.grenoble-tourisme.com\/fr\/decouvrir\/evenements\/agenda\/detail\/balade-culturelle-en-canoe-avec-l-office-de-tourisme-665953\/\" target=\"_blank\" rel=\"noopener\">En savoir plus.<\/a><\/p>\n<tr>\n<td class=\"defaut\"><a href=\"https:\/\/www.radioscoop.com\/agenda\/javascript:void(0)\" onclick=\"parent.RS.diaporama.addMedia(702622) ;\" target=\"_blank\" rel=\"noopener\"><img loading=\"lazy\" decoding=\"async\" src=\"https:\/\/www.europesays.com\/fr\/wp-content\/uploads\/2025\/08\/1754265853_325_img\" width=\"640\" height=\"480\" border=\"0\" title=\"fjenfh\"\/><\/a><\/td>\n<\/tr>\n<p> <b>Rendez-vous : le 10 ao\u00fbt, \u00e0 10h30, \u00e0 la Com\u00e9die de Grenoble.<\/b><\/p>\n<p>Un voyage ludique et interactif pour d\u00e9couvrir, l&rsquo;un apr\u00e8s l&rsquo;autre, les 5 sens que sont le go\u00fbt, l&rsquo;odorat, l&rsquo;ou\u00efe, le toucher et la vue.<\/p>\n<p>Connaissez vous le pays des 5 sens ? C&rsquo;est le pays o\u00f9 vit Monsieur Maxence. Mais aujourd&rsquo;hui Monsieur Maxence est sens dessus dessous.<br \/>O\u00f9 sont pass\u00e9s son nez retrouss\u00e9, ses yeux chocolat\u00e9s, sa petite bouche pinc\u00e9e, ses oreilles allong\u00e9es et ses bras si muscl\u00e9s ?<br \/>Une seule solution : partir \u00e0 l&rsquo;aventure pour les retrouver !<br \/>Un d\u00e9cor color\u00e9, des comptines \u00e0 chanter, des sensations \u00e0 \u00e9prouver, des v\u00e9hicules \u00e0 s\u00e9lectionner, une mise en sc\u00e8ne inspir\u00e9e de la p\u00e9dagogie Montessori : de quoi faire un beau s\u00e9jour \u00ab\u00a0au pays des 5 sens\u00a0\u00bb.<\/p>\n<p><a class=\"url\" href=\"https:\/\/www.comediedegrenoble.fr\/index.php\/le-programme\/jeune-public\/spectacles-enfants-1-a-4-ans\/\" target=\"_blank\" rel=\"noopener\">Je prends ma place !<\/a><\/p>\n<tr>\n<td class=\"defaut\"><img loading=\"lazy\" decoding=\"async\" src=\"https:\/\/www.europesays.com\/fr\/wp-content\/uploads\/2025\/08\/1754265855_675_img\" width=\"180\" height=\"256\" border=\"0\" title=\"gvyhk\"\/><\/td>\n<\/tr>\n<p><p>Les Bons Plans \u00e0 Chamb\u00e9ry :<\/p>\n<p><\/p>\n<p> <b>Rendez-vous : le 5 ao\u00fbt, de 18h30 \u00e0 19h30, \u00e0 la Place Anatole France \u00e0 Chamb\u00e9ry.<\/b><\/p>\n<p>Spectacle de th\u00e9\u00e2tre gestuel et humour visuel, o\u00f9 l&rsquo;on d\u00e9couvre deux petits vieux qui f\u00eatent un anniversaire surprise<br \/>Monsieur et Madame POISEAU sont deux vieux comme on se r\u00eave, qui se connaissent par c\u0153ur et s&rsquo;amusent sans cesse \u00e0 bouleverser leurs habitudes.<\/p>\n<p>Pour les 75 ans de Madame, Monsieur POISEAU a vu les choses en grand : il lui a organis\u00e9 un go\u00fbter d&rsquo;anniversaire surprise. En ramenant secr\u00e8tement dans la rue toute une partie de leur cuisine pour pr\u00e9parer leur recette favorite, il a tout pr\u00e9vu, ou presque\u2026<\/p>\n<p>Sa femme, lui-m\u00eame et vous, n&rsquo;\u00eates pas au bout de vos surprises : des rires, des farces, une recette d\u00e9cadente vont ponctuer ce go\u00fbter d&rsquo;anniversaire qui va se r\u00e9v\u00e9ler hors du commun.<\/p>\n<p><a class=\"url\" href=\"https:\/\/www.chambery.fr\/agenda\/34686\/153-theatre-mr-et-mme-poiseau-et-repas-partage.htm?periode=261428\/\" target=\"_blank\" rel=\"noopener\">Je prends ma place !<\/a><\/p>\n<tr>\n<td class=\"defaut\"><img loading=\"lazy\" decoding=\"async\" src=\"https:\/\/www.europesays.com\/fr\/wp-content\/uploads\/2025\/08\/1754265855_982_img\" width=\"275\" height=\"183\" border=\"0\" title=\"hcbszchk\"\/><\/td>\n<\/tr>\n<p><\/p>\n","protected":false},"excerpt":{"rendered":"Chaque semaine, retrouvez les meilleurs bons plans de Grenoble et Chamb\u00e9ry ! Que vous soyez \u00e0 la recherche&hellip;\n","protected":false},"author":2,"featured_media":294603,"comment_status":"","ping_status":"","sticky":false,"template":"","format":"standard","meta":{"footnotes":""},"categories":[9566],"tags":[1111,11,2430,677,12362,1777,674,1011,27,2731,12,7518,25],"class_list":{"0":"post-294602","1":"post","2":"type-post","3":"status-publish","4":"format-standard","5":"has-post-thumbnail","7":"category-grenoble","8":"tag-actu","9":"tag-actualites","10":"tag-auvergne-rhone-alpes","11":"tag-bons-plans","12":"tag-chambry","13":"tag-eu","14":"tag-europe","15":"tag-fr","16":"tag-france","17":"tag-grenoble","18":"tag-news","19":"tag-octobre","20":"tag-republique-francaise"},"share_on_mastodon":{"url":"https:\/\/pubeurope.com\/@fr\/114967574339854316","error":""},"_links":{"self":[{"href":"https:\/\/www.europesays.com\/fr\/wp-json\/wp\/v2\/posts\/294602","targetHints":{"allow":["GET"]}}],"collection":[{"href":"https:\/\/www.europesays.com\/fr\/wp-json\/wp\/v2\/posts"}],"about":[{"href":"https:\/\/www.europesays.com\/fr\/wp-json\/wp\/v2\/types\/post"}],"author":[{"embeddable":true,"href":"https:\/\/www.europesays.com\/fr\/wp-json\/wp\/v2\/users\/2"}],"replies":[{"embeddable":true,"href":"https:\/\/www.europesays.com\/fr\/wp-json\/wp\/v2\/comments?post=294602"}],"version-history":[{"count":0,"href":"https:\/\/www.europesays.com\/fr\/wp-json\/wp\/v2\/posts\/294602\/revisions"}],"wp:featuredmedia":[{"embeddable":true,"href":"https:\/\/www.europesays.com\/fr\/wp-json\/wp\/v2\/media\/294603"}],"wp:attachment":[{"href":"https:\/\/www.europesays.com\/fr\/wp-json\/wp\/v2\/media?parent=294602"}],"wp:term":[{"taxonomy":"category","embeddable":true,"href":"https:\/\/www.europesays.com\/fr\/wp-json\/wp\/v2\/categories?post=294602"},{"taxonomy":"post_tag","embeddable":true,"href":"https:\/\/www.europesays.com\/fr\/wp-json\/wp\/v2\/tags?post=294602"}],"curies":[{"name":"wp","href":"https:\/\/api.w.org\/{rel}","templated":true}]}}