{"id":294605,"date":"2025-08-04T00:06:12","date_gmt":"2025-08-04T00:06:12","guid":{"rendered":"https:\/\/www.europesays.com\/fr\/294605\/"},"modified":"2025-08-04T00:06:12","modified_gmt":"2025-08-04T00:06:12","slug":"galatasaray-confirme-des-negociations-avec-rennes-pour-przemyslaw-frankowski","status":"publish","type":"post","link":"https:\/\/www.europesays.com\/fr\/294605\/","title":{"rendered":"Galatasaray confirme des \u00ab\u00a0n\u00e9gociations\u00a0\u00bb avec Rennes pour Przemyslaw Frankowski"},"content":{"rendered":"<p>Le retour de Przemyslaw Frankowski en Ligue 1 se pr\u00e9cise. Alors que plusieurs m\u00e9dias \u00e9voquaient d\u00e9j\u00e0 un accord entre le joueur de 30 ans et le <a href=\"https:\/\/www.letelegramme.fr\/sports\/football\/stade-rennais\/\" target=\"_blank\" rel=\"noopener\">Stade Rennais<\/a>, c\u2019est d\u00e9sormais Galatasaray qui confirme l\u2019ouverture des discussions avec le club breton. \u00ab Des n\u00e9gociations officielles ont d\u00e9but\u00e9 avec le Stade Rennais Football Club concernant le transfert du footballeur professionnel Przemyslaw Adam Frankowski \u00bb, a annonc\u00e9 le club stambouliote, dimanche, sur ses r\u00e9seaux sociaux.<\/p>\n<blockquote class=\"twitter-tweet\">\n<p lang=\"tr\" dir=\"ltr\">Profesyonel futbolcu Przemys\u0142aw Adam Frankowski\u2019nin transferi konusunda Stade Rennais Football Club ile resmi g\u00f6r\u00fc\u015fmelere ba\u015flanm\u0131\u015ft\u0131r.<\/p>\n<p>Kamuoyuna sayg\u0131yla duyurulur. <a href=\"https:\/\/t.co\/WBaUTt2y3E\">pic.twitter.com\/WBaUTt2y3E<\/a><\/p>\n<p>\u2014 Galatasaray SK (@GalatasaraySK) <a href=\"https:\/\/twitter.com\/GalatasaraySK\/status\/1952097416280236308?ref_src=twsrc%5Etfw\" target=\"_blank\" rel=\"noopener\">August 3, 2025<\/a><\/p><\/blockquote>\n<p>Apr\u00e8s <a href=\"https:\/\/www.letelegramme.fr\/sports\/football\/stade-rennais\/forme-a-nantes-taulier-de-lom-cinq-choses-a-savoir-sur-valentin-rongier-la-premiere-recrue-du-stade-rennais-6859326.php\" target=\"_blank\" rel=\"noopener\">Valentin Rongier<\/a>, et <a href=\"https:\/\/www.letelegramme.fr\/sports\/football\/stade-rennais\/quentin-merlin-sengage-pour-quatre-saisons-avec-le-stade-rennais-6859861.php\" target=\"_blank\" rel=\"noopener\">Quentin Merlin<\/a>, il pourrait devenir la troisi\u00e8me recrue des Rouge et Noir durant ce mercato et ainsi palier le d\u00e9part de Lorenz Assignon.<\/p>\n<p>Le vestiaire rennais \u00e0 l\u2019accent lensois<\/p>\n<p>Selon <a href=\"https:\/\/www.footmercato.net\/a1924917820876421386-galatasaray-annonce-des-negociations-avec-rennes-pour-przemyslaw-frankowski\" target=\"_blank\" rel=\"noopener\">Foot Mercato<\/a>, l\u2019international polonais (50 s\u00e9lections) devrait rejoindre Rennes dans le cadre d\u2019un pr\u00eat de deux ans, assorti d\u2019une option d\u2019achat obligatoire fix\u00e9e \u00e0 5,5 millions d\u2019euros.<\/p>\n<p>Avant une exp\u00e9rience mitig\u00e9e en Turquie, Frankowski s\u2019\u00e9tait impos\u00e9 comme une valeur s\u00fbre de Ligue 1 sous les couleurs du RC Lens (122 matchs, 18 buts en quatre saisons), avant d\u2019\u00eatre pr\u00eat\u00e9 \u00e0 Galatasaray l\u2019hiver dernier, qui avait fini par lever son option d\u2019achat. En Bretagne, il retrouverait certains visages bien connus du vestiaire nordiste, comme Brice Samba ou Seko Fofana, ainsi que le pr\u00e9sident Arnaud Pouille.<\/p>\n<p><script async src=\"https:\/\/platform.twitter.com\/widgets.js\" charset=\"utf-8\"><\/script><\/p>\n","protected":false},"excerpt":{"rendered":"Le retour de Przemyslaw Frankowski en Ligue 1 se pr\u00e9cise. Alors que plusieurs m\u00e9dias \u00e9voquaient d\u00e9j\u00e0 un accord&hellip;\n","protected":false},"author":2,"featured_media":294606,"comment_status":"","ping_status":"","sticky":false,"template":"","format":"standard","meta":{"footnotes":""},"categories":[2821],"tags":[1111,11,829,3166,1777,674,63,1011,27,66,30393,24138,12,584,25,60,3087],"class_list":{"0":"post-294605","1":"post","2":"type-post","3":"status-publish","4":"format-standard","5":"has-post-thumbnail","7":"category-rennes","8":"tag-actu","9":"tag-actualites","10":"tag-bretagne","11":"tag-en-continu-sports","12":"tag-eu","13":"tag-europe","14":"tag-football","15":"tag-fr","16":"tag-france","17":"tag-ligue-1","18":"tag-mercato-pro","19":"tag-mercato-stade-rennais","20":"tag-news","21":"tag-rennes","22":"tag-republique-francaise","23":"tag-sports","24":"tag-stade-rennais"},"share_on_mastodon":{"url":"https:\/\/pubeurope.com\/@fr\/114967582021574397","error":""},"_links":{"self":[{"href":"https:\/\/www.europesays.com\/fr\/wp-json\/wp\/v2\/posts\/294605","targetHints":{"allow":["GET"]}}],"collection":[{"href":"https:\/\/www.europesays.com\/fr\/wp-json\/wp\/v2\/posts"}],"about":[{"href":"https:\/\/www.europesays.com\/fr\/wp-json\/wp\/v2\/types\/post"}],"author":[{"embeddable":true,"href":"https:\/\/www.europesays.com\/fr\/wp-json\/wp\/v2\/users\/2"}],"replies":[{"embeddable":true,"href":"https:\/\/www.europesays.com\/fr\/wp-json\/wp\/v2\/comments?post=294605"}],"version-history":[{"count":0,"href":"https:\/\/www.europesays.com\/fr\/wp-json\/wp\/v2\/posts\/294605\/revisions"}],"wp:featuredmedia":[{"embeddable":true,"href":"https:\/\/www.europesays.com\/fr\/wp-json\/wp\/v2\/media\/294606"}],"wp:attachment":[{"href":"https:\/\/www.europesays.com\/fr\/wp-json\/wp\/v2\/media?parent=294605"}],"wp:term":[{"taxonomy":"category","embeddable":true,"href":"https:\/\/www.europesays.com\/fr\/wp-json\/wp\/v2\/categories?post=294605"},{"taxonomy":"post_tag","embeddable":true,"href":"https:\/\/www.europesays.com\/fr\/wp-json\/wp\/v2\/tags?post=294605"}],"curies":[{"name":"wp","href":"https:\/\/api.w.org\/{rel}","templated":true}]}}