{"id":294610,"date":"2025-08-04T00:09:10","date_gmt":"2025-08-04T00:09:10","guid":{"rendered":"https:\/\/www.europesays.com\/fr\/294610\/"},"modified":"2025-08-04T00:09:10","modified_gmt":"2025-08-04T00:09:10","slug":"previsions-du-lundi-4-aout-2025-4","status":"publish","type":"post","link":"https:\/\/www.europesays.com\/fr\/294610\/","title":{"rendered":"pr\u00e9visions du lundi 4 ao\u00fbt 2025"},"content":{"rendered":"<p>C&rsquo;est un soleil radieux qui va se montrer aujourd&rsquo;hui sur Nice. Les temp\u00e9ratures afficheront entre 20 et 26\u00b0C. Un vent de sud-est soufflera l\u00e9g\u00e8rement, avec 8 km\/h. Le matin, on anticipe des valeurs d&rsquo;environ 25\u00b0C. Les temp\u00e9ratures s&rsquo;\u00e9chelonneront entre 24 et 25\u00b0C l&rsquo;apr\u00e8s-midi. Le soir, le mercure affichera 23\u00b0C en moyenne. Durant la nuit de lundi \u00e0 mardi, le ciel sera limpide.<\/p>\n<p>Un bel ensoleillement est pr\u00e9vu demain \u00e0 Nice. Un temps plus chaud est \u00e0 pr\u00e9voir puisque le mercure va enregistrer une hausse. Les valeurs seront comprises entre 21 et 26\u00b0C. Les temp\u00e9ratures s&rsquo;\u00e9chelonneront de 23 \u00e0 26\u00b0C sur l&rsquo;ensemble de la matin\u00e9e. Un modeste vent de sud-est sera ressenti par les habitants. Les maximales pourront atteindre 26\u00b0C dans l&rsquo;apr\u00e8s-midi alors que les minimales seront de 25\u00b0C. Les valeurs afficheront entre 23\u00b0C et 24\u00b0C dans la soir\u00e9e. Une brise de sud-ouest soufflera doucement.<\/p>\n<p>Les jours qui suivent s&rsquo;annoncent similaires. Une m\u00e9t\u00e9o ensoleill\u00e9e, pour des temp\u00e9ratures de 27\u00b0C en moyenne, est attendue.<\/p>\n<p><\/p>\n","protected":false},"excerpt":{"rendered":"C&rsquo;est un soleil radieux qui va se montrer aujourd&rsquo;hui sur Nice. Les temp\u00e9ratures afficheront entre 20 et 26\u00b0C.&hellip;\n","protected":false},"author":2,"featured_media":294611,"comment_status":"","ping_status":"","sticky":false,"template":"","format":"standard","meta":{"footnotes":""},"categories":[2819],"tags":[1111,11,2898,1777,674,1011,27,12,2401,883,2119,882,25],"class_list":{"0":"post-294610","1":"post","2":"type-post","3":"status-publish","4":"format-standard","5":"has-post-thumbnail","7":"category-nice","8":"tag-actu","9":"tag-actualites","10":"tag-alpes-maritimes","11":"tag-eu","12":"tag-europe","13":"tag-fr","14":"tag-france","15":"tag-news","16":"tag-nice","17":"tag-paca","18":"tag-previsions-meteo","19":"tag-provence-alpes-cote-dazur","20":"tag-republique-francaise"},"share_on_mastodon":{"url":"https:\/\/pubeurope.com\/@fr\/114967593804615452","error":""},"_links":{"self":[{"href":"https:\/\/www.europesays.com\/fr\/wp-json\/wp\/v2\/posts\/294610","targetHints":{"allow":["GET"]}}],"collection":[{"href":"https:\/\/www.europesays.com\/fr\/wp-json\/wp\/v2\/posts"}],"about":[{"href":"https:\/\/www.europesays.com\/fr\/wp-json\/wp\/v2\/types\/post"}],"author":[{"embeddable":true,"href":"https:\/\/www.europesays.com\/fr\/wp-json\/wp\/v2\/users\/2"}],"replies":[{"embeddable":true,"href":"https:\/\/www.europesays.com\/fr\/wp-json\/wp\/v2\/comments?post=294610"}],"version-history":[{"count":0,"href":"https:\/\/www.europesays.com\/fr\/wp-json\/wp\/v2\/posts\/294610\/revisions"}],"wp:featuredmedia":[{"embeddable":true,"href":"https:\/\/www.europesays.com\/fr\/wp-json\/wp\/v2\/media\/294611"}],"wp:attachment":[{"href":"https:\/\/www.europesays.com\/fr\/wp-json\/wp\/v2\/media?parent=294610"}],"wp:term":[{"taxonomy":"category","embeddable":true,"href":"https:\/\/www.europesays.com\/fr\/wp-json\/wp\/v2\/categories?post=294610"},{"taxonomy":"post_tag","embeddable":true,"href":"https:\/\/www.europesays.com\/fr\/wp-json\/wp\/v2\/tags?post=294610"}],"curies":[{"name":"wp","href":"https:\/\/api.w.org\/{rel}","templated":true}]}}