{"id":294614,"date":"2025-08-04T00:11:10","date_gmt":"2025-08-04T00:11:10","guid":{"rendered":"https:\/\/www.europesays.com\/fr\/294614\/"},"modified":"2025-08-04T00:11:10","modified_gmt":"2025-08-04T00:11:10","slug":"previsions-du-lundi-4-aout-2025-5","status":"publish","type":"post","link":"https:\/\/www.europesays.com\/fr\/294614\/","title":{"rendered":"pr\u00e9visions du lundi 4 ao\u00fbt 2025"},"content":{"rendered":"<p>Le soleil sera dominant, la promesse d&rsquo;une magnifique journ\u00e9e \u00e0 Nantes ! Les temp\u00e9ratures seront comprises entre 15 et 30\u00b0C. Il fera en moyenne 23\u00b0C, le matin. Un vent de sud-est rafra\u00eechira un peu l&rsquo;atmosph\u00e8re. Les temp\u00e9ratures vont monter pendant l&rsquo;apr\u00e8s-midi de plusieurs degr\u00e9s. La ville va souffrir des grosses chaleurs avec des valeurs qui devraient grimper jusqu&rsquo;\u00e0 30\u00b0C. Les temp\u00e9ratures s&rsquo;\u00e9chelonneront entre 27 et 30\u00b0C. Un vent d&rsquo;ouest, enregistrant 21 km\/h, soufflera. Les valeurs tourneront autour des 22\u00b0C dans la soir\u00e9e. Pendant que vous dormirez, dans la nuit de lundi \u00e0 mardi, le ciel sera clair.<\/p>\n<p>C&rsquo;est un soleil \u00e9clatant qui va se montrer demain sur Nantes. Une chute des temp\u00e9ratures est pr\u00e9vue. Il va faire 20\u00b0C en moyenne. Un modeste vent de nord sera ressenti par les habitants. Dans la matin\u00e9e, les temp\u00e9ratures tourneront autour des 20\u00b0C. Les valeurs vont conna\u00eetre une hausse de plusieurs degr\u00e9s dans l&rsquo;apr\u00e8s-midi. Les temp\u00e9ratures seront de 25\u00b0C au plus bas et de 27\u00b0C au plus haut.<\/p>\n<p>Les jours suivants s&rsquo;annoncent identiques. Des temp\u00e9ratures dans les 32\u00b0C iront de pair avec un ciel ensoleill\u00e9.<\/p>\n<p><\/p>\n","protected":false},"excerpt":{"rendered":"Le soleil sera dominant, la promesse d&rsquo;une magnifique journ\u00e9e \u00e0 Nantes ! Les temp\u00e9ratures seront comprises entre 15&hellip;\n","protected":false},"author":2,"featured_media":294615,"comment_status":"","ping_status":"","sticky":false,"template":"","format":"standard","meta":{"footnotes":""},"categories":[2818],"tags":[1111,11,1777,674,1011,27,766,12,2636,2119,25],"class_list":{"0":"post-294614","1":"post","2":"type-post","3":"status-publish","4":"format-standard","5":"has-post-thumbnail","7":"category-nantes","8":"tag-actu","9":"tag-actualites","10":"tag-eu","11":"tag-europe","12":"tag-fr","13":"tag-france","14":"tag-nantes","15":"tag-news","16":"tag-pays-de-la-loire","17":"tag-previsions-meteo","18":"tag-republique-francaise"},"share_on_mastodon":{"url":"https:\/\/pubeurope.com\/@fr\/114967601785519280","error":""},"_links":{"self":[{"href":"https:\/\/www.europesays.com\/fr\/wp-json\/wp\/v2\/posts\/294614","targetHints":{"allow":["GET"]}}],"collection":[{"href":"https:\/\/www.europesays.com\/fr\/wp-json\/wp\/v2\/posts"}],"about":[{"href":"https:\/\/www.europesays.com\/fr\/wp-json\/wp\/v2\/types\/post"}],"author":[{"embeddable":true,"href":"https:\/\/www.europesays.com\/fr\/wp-json\/wp\/v2\/users\/2"}],"replies":[{"embeddable":true,"href":"https:\/\/www.europesays.com\/fr\/wp-json\/wp\/v2\/comments?post=294614"}],"version-history":[{"count":0,"href":"https:\/\/www.europesays.com\/fr\/wp-json\/wp\/v2\/posts\/294614\/revisions"}],"wp:featuredmedia":[{"embeddable":true,"href":"https:\/\/www.europesays.com\/fr\/wp-json\/wp\/v2\/media\/294615"}],"wp:attachment":[{"href":"https:\/\/www.europesays.com\/fr\/wp-json\/wp\/v2\/media?parent=294614"}],"wp:term":[{"taxonomy":"category","embeddable":true,"href":"https:\/\/www.europesays.com\/fr\/wp-json\/wp\/v2\/categories?post=294614"},{"taxonomy":"post_tag","embeddable":true,"href":"https:\/\/www.europesays.com\/fr\/wp-json\/wp\/v2\/tags?post=294614"}],"curies":[{"name":"wp","href":"https:\/\/api.w.org\/{rel}","templated":true}]}}