{"id":294618,"date":"2025-08-04T00:14:11","date_gmt":"2025-08-04T00:14:11","guid":{"rendered":"https:\/\/www.europesays.com\/fr\/294618\/"},"modified":"2025-08-04T00:14:11","modified_gmt":"2025-08-04T00:14:11","slug":"previsions-du-lundi-4-aout-2025-6","status":"publish","type":"post","link":"https:\/\/www.europesays.com\/fr\/294618\/","title":{"rendered":"pr\u00e9visions du lundi 4 ao\u00fbt 2025"},"content":{"rendered":"<p>Cette journ\u00e9e sera synonyme de grand soleil pour Bordeaux. Les maximales iront jusqu&rsquo;\u00e0 37\u00b0C et les minimales seront de 16\u00b0C. La ville va ressentir d&rsquo;importantes chaleurs avec des temp\u00e9ratures qui pourraient monter \u00e0 32\u00b0C le matin. Un petit vent d&rsquo;est soufflera. Un temps plus chaud est pr\u00e9vu l&rsquo;apr\u00e8s-midi \u00e9tant donn\u00e9 que les temp\u00e9ratures vont conna\u00eetre une hausse. Les valeurs maximums annonc\u00e9es sont \u00e9lev\u00e9es, avec 37\u00b0C. Le soir, de tr\u00e8s grosses chaleurs (entre 24\u00b0C et 30\u00b0C) sont pr\u00e9vues. On anticipe des temp\u00e9ratures avoisinant 27\u00b0C. Pendant que vous dormirez, dans la nuit de lundi \u00e0 mardi, le ciel sera clair.<\/p>\n<p>Un bel ensoleillement est pr\u00e9vu demain \u00e0 Bordeaux. Le mercure va chuter de quelques degr\u00e9s. Attention \u00e0 la vague de chaud. Des valeurs de 16 \u00e0 31\u00b0C sont attendues. Les temp\u00e9ratures seront comprises entre 16 et 31\u00b0C. Une modeste brise de nord-ouest sera ressentie par les habitants. Les temp\u00e9ratures vont grimper pendant l&rsquo;apr\u00e8s-midi de plusieurs degr\u00e9s. Les valeurs \u00e9volueront entre 29 et 31\u2009\u00b0C. Les temp\u00e9ratures s&rsquo;\u00e9chelonneront entre 29 et 31\u00b0C. Il va faire 23\u00b0C en moyenne demain soir.<\/p>\n<p>Les jours qui suivent s&rsquo;annoncent similaires. On s&rsquo;attend \u00e0 des journ\u00e9es ensoleill\u00e9es, accompagn\u00e9es par des temp\u00e9ratures dans les 36\u00b0C en moyenne.<\/p>\n<p>Les beaux jours ne doivent pas faire oublier les dangers des fortes chaleurs. Il faut bien entendu utiliser de l&rsquo;\u00e9cran solaire et penser \u00e0 boire r\u00e9guli\u00e8rement, mais aussi veiller \u00e0 \u00e9conomiser l&rsquo;eau du robinet.<\/p>\n","protected":false},"excerpt":{"rendered":"Cette journ\u00e9e sera synonyme de grand soleil pour Bordeaux. Les maximales iront jusqu&rsquo;\u00e0 37\u00b0C et les minimales seront&hellip;\n","protected":false},"author":2,"featured_media":294619,"comment_status":"","ping_status":"","sticky":false,"template":"","format":"standard","meta":{"footnotes":""},"categories":[2817],"tags":[1111,11,3177,1997,1777,674,1011,27,2905,12,2219,2119,25],"class_list":{"0":"post-294618","1":"post","2":"type-post","3":"status-publish","4":"format-standard","5":"has-post-thumbnail","7":"category-bordeaux","8":"tag-actu","9":"tag-actualites","10":"tag-aquitaine","11":"tag-bordeaux","12":"tag-eu","13":"tag-europe","14":"tag-fr","15":"tag-france","16":"tag-gironde","17":"tag-news","18":"tag-nouvelle-aquitaine","19":"tag-previsions-meteo","20":"tag-republique-francaise"},"share_on_mastodon":{"url":"https:\/\/pubeurope.com\/@fr\/114967613543559468","error":""},"_links":{"self":[{"href":"https:\/\/www.europesays.com\/fr\/wp-json\/wp\/v2\/posts\/294618","targetHints":{"allow":["GET"]}}],"collection":[{"href":"https:\/\/www.europesays.com\/fr\/wp-json\/wp\/v2\/posts"}],"about":[{"href":"https:\/\/www.europesays.com\/fr\/wp-json\/wp\/v2\/types\/post"}],"author":[{"embeddable":true,"href":"https:\/\/www.europesays.com\/fr\/wp-json\/wp\/v2\/users\/2"}],"replies":[{"embeddable":true,"href":"https:\/\/www.europesays.com\/fr\/wp-json\/wp\/v2\/comments?post=294618"}],"version-history":[{"count":0,"href":"https:\/\/www.europesays.com\/fr\/wp-json\/wp\/v2\/posts\/294618\/revisions"}],"wp:featuredmedia":[{"embeddable":true,"href":"https:\/\/www.europesays.com\/fr\/wp-json\/wp\/v2\/media\/294619"}],"wp:attachment":[{"href":"https:\/\/www.europesays.com\/fr\/wp-json\/wp\/v2\/media?parent=294618"}],"wp:term":[{"taxonomy":"category","embeddable":true,"href":"https:\/\/www.europesays.com\/fr\/wp-json\/wp\/v2\/categories?post=294618"},{"taxonomy":"post_tag","embeddable":true,"href":"https:\/\/www.europesays.com\/fr\/wp-json\/wp\/v2\/tags?post=294618"}],"curies":[{"name":"wp","href":"https:\/\/api.w.org\/{rel}","templated":true}]}}