{"id":294622,"date":"2025-08-04T00:16:11","date_gmt":"2025-08-04T00:16:11","guid":{"rendered":"https:\/\/www.europesays.com\/fr\/294622\/"},"modified":"2025-08-04T00:16:11","modified_gmt":"2025-08-04T00:16:11","slug":"previsions-du-lundi-4-aout-2025-7","status":"publish","type":"post","link":"https:\/\/www.europesays.com\/fr\/294622\/","title":{"rendered":"pr\u00e9visions du lundi 4 ao\u00fbt 2025"},"content":{"rendered":"<p>Le soleil appara\u00eet l\u00e9g\u00e8rement aujourd&rsquo;hui. Ces \u00e9claircies devraient r\u00e9jouir les Toulousains. Les temp\u00e9ratures seront comprises entre 15 et 35\u00b0C. Un vent de nord-est soufflera doucement. D\u00e8s le matin, les valeurs \u00e9volueront entre 18 et 31\u2009\u00b0C. Les temp\u00e9ratures vont grimper pendant l&rsquo;apr\u00e8s-midi de plusieurs degr\u00e9s. La ville va souffrir des grosses chaleurs avec des temp\u00e9ratures qui devraient monter \u00e0 35\u00b0C. Les valeurs maximums pr\u00e9vues le soir sont \u00e9lev\u00e9es, avec 33\u00b0C. On passera de lundi \u00e0 mardi par une nuit claire.<\/p>\n<p>Un beau soleil est pr\u00e9vu demain \u00e0 Toulouse. L&rsquo;air ambiant va se r\u00e9chauffer avec une augmentation de quelques degr\u00e9s. De tr\u00e8s importantes chaleurs (entre 17\u00b0C et 34\u00b0C) sont attendues. Les temp\u00e9ratures afficheront entre 17 et 34\u00b0C. Une petite brise de nord-ouest sera ressentie par les habitants. La p\u00e9riode de fortes chaleurs est bien l\u00e0, avec des valeurs qui risqueront d&rsquo;aller jusqu&rsquo;\u00e0 30\u00b0C le matin. Demain apr\u00e8s-midi, c&rsquo;est une hausse de plusieurs degr\u00e9s que vont conna\u00eetre les temp\u00e9ratures. La ville va conna\u00eetre une vague de grosses chaleurs avec des temp\u00e9ratures qui atteindront parfois les 34\u00b0C. La soir\u00e9e va se trouver tr\u00e8s suffocante : pr\u00e8s de 32\u00b0C.<\/p>\n<p>La m\u00e9t\u00e9o restera inchang\u00e9e les jours \u00e0 venir. Une m\u00e9t\u00e9o ensoleill\u00e9e, avec des temp\u00e9ratures de 36\u00b0C environ, est \u00e0 pr\u00e9voir.<\/p>\n<p>Les fortes temp\u00e9ratures peuvent se r\u00e9v\u00e9ler dangereuses pour les seniors, les b\u00e9b\u00e9s et les jeunes enfants : ils sont susceptibles de souffrir de d\u00e9shydratation. Soyez attentifs aux plus vuln\u00e9rables et pensez \u00e0 leur proposer \u00e0 boire !<\/p>\n","protected":false},"excerpt":{"rendered":"Le soleil appara\u00eet l\u00e9g\u00e8rement aujourd&rsquo;hui. Ces \u00e9claircies devraient r\u00e9jouir les Toulousains. Les temp\u00e9ratures seront comprises entre 15 et&hellip;\n","protected":false},"author":2,"featured_media":294623,"comment_status":"","ping_status":"","sticky":false,"template":"","format":"standard","meta":{"footnotes":""},"categories":[2816],"tags":[1111,11,1777,674,1011,27,2722,2721,12,2680,2119,25,2312],"class_list":{"0":"post-294622","1":"post","2":"type-post","3":"status-publish","4":"format-standard","5":"has-post-thumbnail","7":"category-toulouse","8":"tag-actu","9":"tag-actualites","10":"tag-eu","11":"tag-europe","12":"tag-fr","13":"tag-france","14":"tag-haute-garonne","15":"tag-midi-pyrenees","16":"tag-news","17":"tag-occitanie","18":"tag-previsions-meteo","19":"tag-republique-francaise","20":"tag-toulouse"},"share_on_mastodon":{"url":"https:\/\/pubeurope.com\/@fr\/114967621430126229","error":""},"_links":{"self":[{"href":"https:\/\/www.europesays.com\/fr\/wp-json\/wp\/v2\/posts\/294622","targetHints":{"allow":["GET"]}}],"collection":[{"href":"https:\/\/www.europesays.com\/fr\/wp-json\/wp\/v2\/posts"}],"about":[{"href":"https:\/\/www.europesays.com\/fr\/wp-json\/wp\/v2\/types\/post"}],"author":[{"embeddable":true,"href":"https:\/\/www.europesays.com\/fr\/wp-json\/wp\/v2\/users\/2"}],"replies":[{"embeddable":true,"href":"https:\/\/www.europesays.com\/fr\/wp-json\/wp\/v2\/comments?post=294622"}],"version-history":[{"count":0,"href":"https:\/\/www.europesays.com\/fr\/wp-json\/wp\/v2\/posts\/294622\/revisions"}],"wp:featuredmedia":[{"embeddable":true,"href":"https:\/\/www.europesays.com\/fr\/wp-json\/wp\/v2\/media\/294623"}],"wp:attachment":[{"href":"https:\/\/www.europesays.com\/fr\/wp-json\/wp\/v2\/media?parent=294622"}],"wp:term":[{"taxonomy":"category","embeddable":true,"href":"https:\/\/www.europesays.com\/fr\/wp-json\/wp\/v2\/categories?post=294622"},{"taxonomy":"post_tag","embeddable":true,"href":"https:\/\/www.europesays.com\/fr\/wp-json\/wp\/v2\/tags?post=294622"}],"curies":[{"name":"wp","href":"https:\/\/api.w.org\/{rel}","templated":true}]}}