{"id":294626,"date":"2025-08-04T00:18:22","date_gmt":"2025-08-04T00:18:22","guid":{"rendered":"https:\/\/www.europesays.com\/fr\/294626\/"},"modified":"2025-08-04T00:18:22","modified_gmt":"2025-08-04T00:18:22","slug":"premiere-discrete-de-giroud-lille-battu-par-dortmund","status":"publish","type":"post","link":"https:\/\/www.europesays.com\/fr\/294626\/","title":{"rendered":"premi\u00e8re discr\u00e8te de Giroud, Lille battu par Dortmund"},"content":{"rendered":"<p>Le LOSC s\u2019est inclin\u00e9 contre Dortmund en match amical pour la premi\u00e8re de Giroud (3-2).<\/p>\n<p class=\"fig-paragraph\">Recrue phare de Lille cet \u00e9t\u00e9, le\u00a0<a href=\"http:\/\/www.lefigaro.fr\/sports\/football\/ligue-1\/ligue-1-aicha-de-khaled-le-bizutage-singulier-d-olivier-giroud-au-losc-20250730\" data-fig-type=\"NewsFlash\" data-gtm-custom-categorie=\"navigation\" data-gtm-custom-action=\"crossclick\" data-gtm-custom-label=\"Contextuel\" data-gtm-event=\"customEventSPE\" data-fig-domain=\"LEFIGARO\" target=\"_blank\" rel=\"noopener\">champion du monde 2018 Olivier Giroud\u00a0<\/a>(38 ans) a \u00e9t\u00e9 discret lors de sa premi\u00e8re rencontre sous ses nouvelles couleurs, samedi en Allemagne, en match amical contre le Borussia Dortmund (d\u00e9faite 3-2).<\/p>\n<p class=\"fig-paragraph\">Titulaire face au quatri\u00e8me de la Bundesliga 2024-2025, le d\u00e9tenteur du record de buts en \u00e9quipe de France n&rsquo;a pratiquement pas pes\u00e9, \u00e0 l&rsquo;image de toute son \u00e9quipe, domin\u00e9e en premi\u00e8re p\u00e9riode. Giroud s&rsquo;est procur\u00e9 une occasion, mais sa t\u00eate dans la surface de r\u00e9paration n&rsquo;a pas trouv\u00e9 le cadre (22e).<\/p>\n<p>                                    <a class=\"fig-a11y-skip a11y-hidden\" href=\"#fig-a11y-skip-main-inarticle\"><br \/>\n        Passer la publicit\u00e9<br \/>\n    <\/a><\/p>\n<p>Sorti \u00e0 la mi-temps<\/p>\n<p class=\"fig-paragraph\">Le gardien lillois Lucas Chevalier (23 ans), courtis\u00e9 par le Paris Saint-Germain selon plusieurs m\u00e9dias et qui pourrait quitter le Nord avant la fin du mercato estival, a lui aussi jou\u00e9 la premi\u00e8re p\u00e9riode. Il a r\u00e9alis\u00e9 plusieurs arr\u00eats d\u00e9cisifs qui ont permis \u00e0 Lille de rester en vie dans cette rencontre.<\/p>\n<p class=\"fig-paragraph\">Lille commencera son championnat le 17 ao\u00fbt avec un d\u00e9placement \u00e0 Brest. Le club nordiste, qualifi\u00e9 pour la prochaine Ligue Europa, a encore deux matchs de pr\u00e9paration \u00e0 son programme: Venise mercredi et West Ham le 9 ao\u00fbt.<\/p>\n","protected":false},"excerpt":{"rendered":"Le LOSC s\u2019est inclin\u00e9 contre Dortmund en match amical pour la premi\u00e8re de Giroud (3-2). Recrue phare de&hellip;\n","protected":false},"author":2,"featured_media":294627,"comment_status":"","ping_status":"","sticky":false,"template":"","format":"standard","meta":{"footnotes":""},"categories":[2815],"tags":[1111,11,1777,674,1011,27,811,1307,2267,12,5959,25],"class_list":{"0":"post-294626","1":"post","2":"type-post","3":"status-publish","4":"format-standard","5":"has-post-thumbnail","7":"category-lille","8":"tag-actu","9":"tag-actualites","10":"tag-eu","11":"tag-europe","12":"tag-fr","13":"tag-france","14":"tag-hauts-de-france","15":"tag-lille","16":"tag-losc","17":"tag-news","18":"tag-olivier-giroud","19":"tag-republique-francaise"},"share_on_mastodon":{"url":"https:\/\/pubeurope.com\/@fr\/114967629262972150","error":""},"_links":{"self":[{"href":"https:\/\/www.europesays.com\/fr\/wp-json\/wp\/v2\/posts\/294626","targetHints":{"allow":["GET"]}}],"collection":[{"href":"https:\/\/www.europesays.com\/fr\/wp-json\/wp\/v2\/posts"}],"about":[{"href":"https:\/\/www.europesays.com\/fr\/wp-json\/wp\/v2\/types\/post"}],"author":[{"embeddable":true,"href":"https:\/\/www.europesays.com\/fr\/wp-json\/wp\/v2\/users\/2"}],"replies":[{"embeddable":true,"href":"https:\/\/www.europesays.com\/fr\/wp-json\/wp\/v2\/comments?post=294626"}],"version-history":[{"count":0,"href":"https:\/\/www.europesays.com\/fr\/wp-json\/wp\/v2\/posts\/294626\/revisions"}],"wp:featuredmedia":[{"embeddable":true,"href":"https:\/\/www.europesays.com\/fr\/wp-json\/wp\/v2\/media\/294627"}],"wp:attachment":[{"href":"https:\/\/www.europesays.com\/fr\/wp-json\/wp\/v2\/media?parent=294626"}],"wp:term":[{"taxonomy":"category","embeddable":true,"href":"https:\/\/www.europesays.com\/fr\/wp-json\/wp\/v2\/categories?post=294626"},{"taxonomy":"post_tag","embeddable":true,"href":"https:\/\/www.europesays.com\/fr\/wp-json\/wp\/v2\/tags?post=294626"}],"curies":[{"name":"wp","href":"https:\/\/api.w.org\/{rel}","templated":true}]}}