{"id":294630,"date":"2025-08-04T00:20:10","date_gmt":"2025-08-04T00:20:10","guid":{"rendered":"https:\/\/www.europesays.com\/fr\/294630\/"},"modified":"2025-08-04T00:20:10","modified_gmt":"2025-08-04T00:20:10","slug":"face-a-la-saturation-la-ville-prevoit-plus-de-5-000-nouvelles-concessions","status":"publish","type":"post","link":"https:\/\/www.europesays.com\/fr\/294630\/","title":{"rendered":"face \u00e0 la saturation, la Ville pr\u00e9voit plus de 5 000 nouvelles concessions"},"content":{"rendered":"\n<p>Les visiteurs sont rares ce vendredi apr\u00e8s-midi, dans les all\u00e9es du cimeti\u00e8re Saint-J\u00e9r\u00f4me, dans le 13e\u00a0arrondissement de Marseille. Pourtant, celui-ci affiche d\u00e9j\u00e0 complet et ne peut plus proposer la moindre nouvelle concession. \u00ab\u00a0Les familles parfois nous en parlent, nous demandent des informations\u00a0\u00bb, glisse-t-on \u00e0 l\u2019entr\u00e9e. Car cette crise touche toute la ville.<\/p>\n<p>\u00c0 l\u2019heure actuelle, il ne reste qu\u2019une centaine de concessions sur l\u2019ensemble des 21 cimeti\u00e8res marseillais, dont une trentaine musulmanes, aucune isra\u00e9lite, pour environ 13\u00a0000\u00a0inhumations chaque ann\u00e9e. Le r\u00e9sultat\u00a0: une liste d\u2019attente de 1\u00a0300\u00a0noms. Et la demande risque encore de cro\u00eetre de fa\u00e7on exponentielle \u00e0 l\u2019horizon 2030, en raison de la pyramide des \u00e2ges.<\/p>\n<p> \u00ab\u00a0Il manque 30\u00a0000\u00a0places\u00a0\u00bb\n              <\/p>\n<p>\u00ab\u00a0La Ville, comme d\u2019autres grandes villes urbaines, fait face \u00e0 un d\u00e9ficit d\u2019emplacements\u00a0\u00bb, reconna\u00eet la municipalit\u00e9, rappelant \u00ab\u00a0la saturation progressive des espaces existants et la forte demande en concessions\u00a0\u00bb. Un enjeu qu\u2019elle promet avoir anticip\u00e9, en cr\u00e9ant de nouvelles concessions dans les cimeti\u00e8res existants et en acc\u00e9l\u00e9rant les d\u00e9marches de reprises administratives afin de lib\u00e9rer des emplacements.<\/p>\n<p>Dans les all\u00e9es du cimeti\u00e8re Saint-J\u00e9r\u00f4me, des plaques en laiton pos\u00e9es aupr\u00e8s de quelques tombes invitent ainsi les familles \u00e0 joindre les services municipaux, tandis qu\u2019une fosse d\u00e9j\u00e0 b\u00e9ante est barr\u00e9e de rubalise. Mais ces mesures restent encore insuffisantes. \u00ab\u00a0Il manque 30\u00a0000\u00a0places\u00a0\u00bb, <a href=\"https:\/\/www.lamarseillaise.fr\/societe\/les-cimetieres-marseillais-recherchent-30000-places-CI11916253\" target=\"_blank\" rel=\"noopener\">alertait d\u00e9j\u00e0 l\u2019ex-adjointe \u00e0 l\u2019urbanisme Mathilde Chaboche en juin\u00a0<\/a><a href=\"https:\/\/www.lamarseillaise.fr\/societe\/les-cimetieres-marseillais-recherchent-30000-places-CI11916253\" target=\"_blank\" rel=\"noopener\">2022<\/a>, alors que le conseil municipal approuvait l\u2019achat d\u2019un hectare de terrain jouxtant le cimeti\u00e8re des Aygalades.<\/p>\n<p>\u00ab\u00a0Un vaste projet d\u2019extension de quatre cimeti\u00e8res est en cours\u00a0\u00bb, indique aujourd\u2019hui la municipalit\u00e9, qui pr\u00e9voit \u00ab\u00a0\u00e0 terme, de cr\u00e9er plus de 5\u00a0400\u00a0emplacements suppl\u00e9mentaires\u00a0\u00bb. Sont ainsi concern\u00e9s les cimeti\u00e8res des Aygalades (15e), de Saint-J\u00e9r\u00f4me (13e), des Olives (13e) et des Vaudrans (12e). En juin\u00a02024, le conseil municipal avait d\u00e9j\u00e0 approuv\u00e9 une premi\u00e8re enveloppe de 1,7\u00a0million d\u2019euros pour cr\u00e9er 1\u00a0000\u00a0places suppl\u00e9mentaires. \u00ab\u00a0Les administr\u00e9s doivent en effet pouvoir se recueillir au plus pr\u00e8s de chez eux\u00a0\u00bb, d\u00e9fendait la d\u00e9lib\u00e9ration qui visait \u00e0 \u00ab\u00a0concilier le d\u00e9veloppement harmonieux de notre ville ainsi que l\u2019\u00e9gal acc\u00e8s au service public pour l\u2019ensemble des administr\u00e9s\u00a0\u00bb.<\/p>\n<p> Carr\u00e9s juifs et musulmans\n              <\/p>\n<p>Une attention particuli\u00e8re est port\u00e9e aux carr\u00e9s confessionnels. \u00ab\u00a0De nouvelles concessions juives seront cr\u00e9\u00e9es au cimeti\u00e8re des Olives et des emplacements musulmans suppl\u00e9mentaires seront am\u00e9nag\u00e9s aux Aygalades et aux Vaudrans\u00a0\u00bb, indique la municipalit\u00e9 qui insiste sur cet engagement \u00ab\u00a0l\u00e0 o\u00f9 d\u2019autres collectivit\u00e9s ne le font pas syst\u00e9matiquement\u00a0\u00bb.<\/p>\n<p>\u00c0 Saint-J\u00e9r\u00f4me, la pr\u00e9fecture a ouvert une enqu\u00eate publique, qui s\u2019ach\u00e8ve le 7\u00a0ao\u00fbt prochain. Le projet pr\u00e9voit un agrandissement sur un terrain de 5\u00a0000m\u00b2 au pied de l\u2019Ehpad Mistral voisin, pour un cimeti\u00e8re \u00e9cologique, sans pierres tombales. \u00ab\u00a0Il n\u2019acceptera que des inhumations en pleine terre en interdisant les travaux de constructions et les produits chimiques\u00a0\u00bb, pr\u00e9sente le dossier de l\u2019enqu\u00eate publique. Derri\u00e8re l\u2019actuel mur de sout\u00e8nement, 332 nouvelles places doivent \u00eatre cr\u00e9\u00e9es, dont une moiti\u00e9 de concessions musulmanes, au pied d\u2019alignements d\u2019oliviers, ainsi que 102\u00a0concessions classiques autour d\u2019un kiosque central, et 59 caveaux destin\u00e9s aux urnes fun\u00e9raires. Un jardin du souvenir de plus de 300 m\u00b2 doit aussi \u00eatre am\u00e9nag\u00e9 pour y \u00e9pandre les cendres des d\u00e9funts. L\u2019alignement d\u2019arbres qui jouxte l\u2019Ehpad, lui, sera bien conserv\u00e9. De quoi apporter de la dignit\u00e9 aux familles. Et \u00e9viter que la crise du logement ne touche aussi ces ultimes demeures.<\/p>\n<p>\u00ab\u00a0Marseille, comme d\u2019autres grandes villes urbaines, fait face \u00e0 un d\u00e9ficit de places.\u00a0\u00bb<\/p>\n","protected":false},"excerpt":{"rendered":"Les visiteurs sont rares ce vendredi apr\u00e8s-midi, dans les all\u00e9es du cimeti\u00e8re Saint-J\u00e9r\u00f4me, dans le 13e\u00a0arrondissement de Marseille.&hellip;\n","protected":false},"author":2,"featured_media":294631,"comment_status":"","ping_status":"","sticky":false,"template":"","format":"standard","meta":{"footnotes":""},"categories":[2814],"tags":[1111,11,1777,674,1011,27,43463,884,12,882,25],"class_list":{"0":"post-294630","1":"post","2":"type-post","3":"status-publish","4":"format-standard","5":"has-post-thumbnail","7":"category-marseille","8":"tag-actu","9":"tag-actualites","10":"tag-eu","11":"tag-europe","12":"tag-fr","13":"tag-france","14":"tag-mairie-de-marseille","15":"tag-marseille","16":"tag-news","17":"tag-provence-alpes-cote-dazur","18":"tag-republique-francaise"},"share_on_mastodon":{"url":"https:\/\/pubeurope.com\/@fr\/114967637100347767","error":""},"_links":{"self":[{"href":"https:\/\/www.europesays.com\/fr\/wp-json\/wp\/v2\/posts\/294630","targetHints":{"allow":["GET"]}}],"collection":[{"href":"https:\/\/www.europesays.com\/fr\/wp-json\/wp\/v2\/posts"}],"about":[{"href":"https:\/\/www.europesays.com\/fr\/wp-json\/wp\/v2\/types\/post"}],"author":[{"embeddable":true,"href":"https:\/\/www.europesays.com\/fr\/wp-json\/wp\/v2\/users\/2"}],"replies":[{"embeddable":true,"href":"https:\/\/www.europesays.com\/fr\/wp-json\/wp\/v2\/comments?post=294630"}],"version-history":[{"count":0,"href":"https:\/\/www.europesays.com\/fr\/wp-json\/wp\/v2\/posts\/294630\/revisions"}],"wp:featuredmedia":[{"embeddable":true,"href":"https:\/\/www.europesays.com\/fr\/wp-json\/wp\/v2\/media\/294631"}],"wp:attachment":[{"href":"https:\/\/www.europesays.com\/fr\/wp-json\/wp\/v2\/media?parent=294630"}],"wp:term":[{"taxonomy":"category","embeddable":true,"href":"https:\/\/www.europesays.com\/fr\/wp-json\/wp\/v2\/categories?post=294630"},{"taxonomy":"post_tag","embeddable":true,"href":"https:\/\/www.europesays.com\/fr\/wp-json\/wp\/v2\/tags?post=294630"}],"curies":[{"name":"wp","href":"https:\/\/api.w.org\/{rel}","templated":true}]}}