{"id":294637,"date":"2025-08-04T00:25:11","date_gmt":"2025-08-04T00:25:11","guid":{"rendered":"https:\/\/www.europesays.com\/fr\/294637\/"},"modified":"2025-08-04T00:25:11","modified_gmt":"2025-08-04T00:25:11","slug":"la-ligne-paris-orleans-limoges-toulouse-tres-perturbee-des-lundi-reseau-sncf-renouvelle-les-voies-ferrees","status":"publish","type":"post","link":"https:\/\/www.europesays.com\/fr\/294637\/","title":{"rendered":"la ligne Paris-Orl\u00e9ans-Limoges-Toulouse tr\u00e8s perturb\u00e9e d\u00e8s lundi, R\u00e9seau SNCF renouvelle les voies ferr\u00e9es"},"content":{"rendered":"<p class=\"article__intro\">\u00c0 partir de ce lundi 4 ao\u00fbt, le trafic sur la ligne Paris-Orl\u00e9ans-Limoges-Toulouse sera tr\u00e8s perturb\u00e9 en raison de travaux de renouvellement des voies. L&rsquo;intervention doit durer jusqu&rsquo;en janvier 2026.<\/p>\n<p>\n      La Quotidienne Soci\u00e9t\u00e9\n    <\/p>\n<p>\n      De la vie quotidienne aux grands enjeux, recevez tous les jours les sujets qui font la soci\u00e9t\u00e9 locale, comme la justice, l\u2019\u00e9ducation, la sant\u00e9 et la famille.\n    <\/p>\n<p>    France T\u00e9l\u00e9visions utilise votre adresse e-mail afin de vous envoyer la newsletter \u00ab\u00a0La Quotidienne Soci\u00e9t\u00e9\u00a0\u00bb. Vous pouvez vous d\u00e9sinscrire \u00e0 tout moment via le lien en bas de cette newsletter. <a target=\"_blank\" href=\"https:\/\/www.francetelevisions.fr\/groupe\/confidentialite\/politique-de-confidentialite\/politique-de-confidentialite-de-france-televisions-6503\" rel=\"nofollow noopener\">Notre politique de confidentialit\u00e9<\/a><\/p>\n<p>Les voyageurs de la ligne Paris Orl\u00e9ans Limoges Toulouse (POLT) devront faire preuve de vigilance, d\u00e8s ce lundi 4\u00a0ao\u00fbt. En pleine p\u00e9riode de vacances, aucun Intercit\u00e9 ne roulera entre le Limousin et Paris, entre 9 h 30 et 17 h 30, en raison d&rsquo;importants travaux sur les voies.<\/p>\n<p>SNCF R\u00e9seau d\u00e9bute \u00ab\u00a0une op\u00e9ration de renouvellement de la voie ferr\u00e9e de grande ampleur dans le Loiret, entre Les Aubrais et Boisseux\u00a0\u00bb. L&rsquo;op\u00e9rateur fran\u00e7ais esp\u00e8re ainsi \u00ab\u00a0garantir une meilleure performance des infrastructures\u00a0\u00bb et optimiser la r\u00e9gularit\u00e9 de ses trains. La ligne doit permettre d&rsquo;accueillir les futures rames Oxyg\u00e8ne qui, sur une partie du trajet, circuleront \u00e0 200 km\/h. Elles remplaceront les Intercit\u00e9s vieillissants. <\/p>\n<p>La SNCF pr\u00e9cise que ces travaux ne peuvent pas \u00eatre effectu\u00e9s la nuit, en raison de la circulation de trains de marchandise affect\u00e9s sur le corridor fret Atlantique qui doivent \u00ab\u00a0se conformer aux horaires de passage impos\u00e9s aux fronti\u00e8res\u00a0\u00bb. La journ\u00e9e se r\u00e9v\u00e8le \u00ab\u00a0la p\u00e9riode horaire qui\u00a0impacte le moins de trains\u00a0\u00bb.<\/p>\n<p>La SNCF conseille de bien v\u00e9rifier les horaires des trains maintenus via l&rsquo;application SNCF Connect. La SNCF propose des circuits alternatifs avec des trajets passant par P\u00e9rigueux, Bordeaux ou Poitiers. Attention, les dur\u00e9es de voyage s&rsquo;annoncent plus longues et, parfois, avec des tarifs \u00e9lev\u00e9s allant jusqu&rsquo;\u00e0 150 euros pour un aller simple Limoges-Paris en seconde classe.<\/p>\n<p>Autres alternatives au train, les trajets en autocar ou en covoiturage. <\/p>\n<p>Les travaux sur les voies sont pr\u00e9vus pour durer jusqu&rsquo;au 26 janvier 2026.<\/p>\n","protected":false},"excerpt":{"rendered":"\u00c0 partir de ce lundi 4 ao\u00fbt, le trafic sur la ligne Paris-Orl\u00e9ans-Limoges-Toulouse sera tr\u00e8s perturb\u00e9 en raison&hellip;\n","protected":false},"author":2,"featured_media":294638,"comment_status":"","ping_status":"","sticky":false,"template":"","format":"standard","meta":{"footnotes":""},"categories":[1888],"tags":[1111,1928,11,1927,1777,674,1011,27,12,1926,626,1925,25],"class_list":{"0":"post-294637","1":"post","2":"type-post","3":"status-publish","4":"format-standard","5":"has-post-thumbnail","7":"category-paris","8":"tag-actu","9":"tag-actu-paris","10":"tag-actualites","11":"tag-actualites-paris","12":"tag-eu","13":"tag-europe","14":"tag-fr","15":"tag-france","16":"tag-news","17":"tag-news-paris","18":"tag-paris","19":"tag-paris-news","20":"tag-republique-francaise"},"share_on_mastodon":{"url":"https:\/\/pubeurope.com\/@fr\/114967656764318955","error":""},"_links":{"self":[{"href":"https:\/\/www.europesays.com\/fr\/wp-json\/wp\/v2\/posts\/294637","targetHints":{"allow":["GET"]}}],"collection":[{"href":"https:\/\/www.europesays.com\/fr\/wp-json\/wp\/v2\/posts"}],"about":[{"href":"https:\/\/www.europesays.com\/fr\/wp-json\/wp\/v2\/types\/post"}],"author":[{"embeddable":true,"href":"https:\/\/www.europesays.com\/fr\/wp-json\/wp\/v2\/users\/2"}],"replies":[{"embeddable":true,"href":"https:\/\/www.europesays.com\/fr\/wp-json\/wp\/v2\/comments?post=294637"}],"version-history":[{"count":0,"href":"https:\/\/www.europesays.com\/fr\/wp-json\/wp\/v2\/posts\/294637\/revisions"}],"wp:featuredmedia":[{"embeddable":true,"href":"https:\/\/www.europesays.com\/fr\/wp-json\/wp\/v2\/media\/294638"}],"wp:attachment":[{"href":"https:\/\/www.europesays.com\/fr\/wp-json\/wp\/v2\/media?parent=294637"}],"wp:term":[{"taxonomy":"category","embeddable":true,"href":"https:\/\/www.europesays.com\/fr\/wp-json\/wp\/v2\/categories?post=294637"},{"taxonomy":"post_tag","embeddable":true,"href":"https:\/\/www.europesays.com\/fr\/wp-json\/wp\/v2\/tags?post=294637"}],"curies":[{"name":"wp","href":"https:\/\/api.w.org\/{rel}","templated":true}]}}