{"id":294639,"date":"2025-08-04T00:26:12","date_gmt":"2025-08-04T00:26:12","guid":{"rendered":"https:\/\/www.europesays.com\/fr\/294639\/"},"modified":"2025-08-04T00:26:12","modified_gmt":"2025-08-04T00:26:12","slug":"a-laube-de-la-nouvelle-saison","status":"publish","type":"post","link":"https:\/\/www.europesays.com\/fr\/294639\/","title":{"rendered":"\u00c0 l&rsquo;aube de la nouvelle saison\u00a0!"},"content":{"rendered":"<p class=\"typography-paragraph mb-4 md:mb-6\">C\u2019est dans la peau du champion d\u2019Europe en titre que le Paris Saint-Germain s\u2019appr\u00eate \u00e0 lancer officiellement la nouvelle saison. La pr\u00e9c\u00e9dente, conclue seulement le 13 juillet dernier avec la finale de la Coupe du Monde des Clubs de la FIFA, restera dans les m\u00e9moires. Un quadrupl\u00e9 historique (Troph\u00e9e des Champions, Ligue 1, Coupe de France et UEFA Champions League) qui a propuls\u00e9 le club et ses supporters au Paradis\u00a0! <\/p>\n<p class=\"typography-paragraph mb-4 md:mb-6\">Mais l\u2019heure est d\u00e9j\u00e0 \u00e0 la reprise, qui aura lieu ce mercredi 6 ao\u00fbt, avec un retour des joueurs au Campus PSG pour officiellement lancer la nouvelle saison. <\/p>\n<p class=\"typography-paragraph mb-4 md:mb-6\">Et le mois d\u2019ao\u00fbt r\u00e9serve son lot, d\u00e9j\u00e0, de grands rendez-vous. Les Parisiens disputeront la Super Coupe d\u2019Europe, en qualit\u00e9 de vainqueurs de l\u2019UEFA Champions League, face \u00e0 Tottenham, qui a remport\u00e9 l\u2019UEFA Europa League au printemps dernier. Premier match de cette nouvelle saison, \u00e0 Udine en Italie, le 13 ao\u00fbt prochain \u00e0 21h. <\/p>\n","protected":false},"excerpt":{"rendered":"C\u2019est dans la peau du champion d\u2019Europe en titre que le Paris Saint-Germain s\u2019appr\u00eate \u00e0 lancer officiellement la&hellip;\n","protected":false},"author":2,"featured_media":294640,"comment_status":"","ping_status":"","sticky":false,"template":"","format":"standard","meta":{"footnotes":""},"categories":[1888],"tags":[1111,1928,11,1927,1777,674,1011,27,12,1926,626,1925,25],"class_list":{"0":"post-294639","1":"post","2":"type-post","3":"status-publish","4":"format-standard","5":"has-post-thumbnail","7":"category-paris","8":"tag-actu","9":"tag-actu-paris","10":"tag-actualites","11":"tag-actualites-paris","12":"tag-eu","13":"tag-europe","14":"tag-fr","15":"tag-france","16":"tag-news","17":"tag-news-paris","18":"tag-paris","19":"tag-paris-news","20":"tag-republique-francaise"},"share_on_mastodon":{"url":"https:\/\/pubeurope.com\/@fr\/114967661135182400","error":""},"_links":{"self":[{"href":"https:\/\/www.europesays.com\/fr\/wp-json\/wp\/v2\/posts\/294639","targetHints":{"allow":["GET"]}}],"collection":[{"href":"https:\/\/www.europesays.com\/fr\/wp-json\/wp\/v2\/posts"}],"about":[{"href":"https:\/\/www.europesays.com\/fr\/wp-json\/wp\/v2\/types\/post"}],"author":[{"embeddable":true,"href":"https:\/\/www.europesays.com\/fr\/wp-json\/wp\/v2\/users\/2"}],"replies":[{"embeddable":true,"href":"https:\/\/www.europesays.com\/fr\/wp-json\/wp\/v2\/comments?post=294639"}],"version-history":[{"count":0,"href":"https:\/\/www.europesays.com\/fr\/wp-json\/wp\/v2\/posts\/294639\/revisions"}],"wp:featuredmedia":[{"embeddable":true,"href":"https:\/\/www.europesays.com\/fr\/wp-json\/wp\/v2\/media\/294640"}],"wp:attachment":[{"href":"https:\/\/www.europesays.com\/fr\/wp-json\/wp\/v2\/media?parent=294639"}],"wp:term":[{"taxonomy":"category","embeddable":true,"href":"https:\/\/www.europesays.com\/fr\/wp-json\/wp\/v2\/categories?post=294639"},{"taxonomy":"post_tag","embeddable":true,"href":"https:\/\/www.europesays.com\/fr\/wp-json\/wp\/v2\/tags?post=294639"}],"curies":[{"name":"wp","href":"https:\/\/api.w.org\/{rel}","templated":true}]}}