{"id":294651,"date":"2025-08-04T00:33:45","date_gmt":"2025-08-04T00:33:45","guid":{"rendered":"https:\/\/www.europesays.com\/fr\/294651\/"},"modified":"2025-08-04T00:33:45","modified_gmt":"2025-08-04T00:33:45","slug":"la-tempete-floris-va-sabattre-sur-le-nord-de-leurope-voici-a-quoi-sattendre-lundi","status":"publish","type":"post","link":"https:\/\/www.europesays.com\/fr\/294651\/","title":{"rendered":"La temp\u00eate Floris va s\u2019abattre sur le nord de l\u2019Europe, voici \u00e0 quoi s\u2019attendre lundi"},"content":{"rendered":"<p>        <img decoding=\"async\" loading=\"lazy\" src=\"https:\/\/www.europesays.com\/fr\/wp-content\/uploads\/2025\/08\/8257f2a_sirius-fs-upload-1-tgrplz5ljcbs-1744302218907-000-13z0ao.jpg\"  width=\"728\" height=\"410\" alt=\"La temp\u00eate Floris va s\u2019abattre sur le nord de l\u2019Europe, voici \u00e0 quoi s\u2019attendre ce lundi en France et au Royaume-Uni. (image d\u2019illustration)\"\/>  <\/p>\n<p>VALERY HACHE \/ AFP<\/p>\n<p>La temp\u00eate Floris va s\u2019abattre sur le nord de l\u2019Europe, voici \u00e0 quoi s\u2019attendre ce lundi en France et au Royaume-Uni. (image d\u2019illustration)<\/p>\n<p class=\"asset asset-text\">M\u00c9T\u00c9O &#8211; La saison estivale n\u2019immunise pas contre les fortes intemp\u00e9ries. La temp\u00eate Floris va frapper le nord de l\u2019Europe et plus particuli\u00e8rement les \u00eeles britanniques le lundi 4\u00a0ao\u00fbt. Des vents violents sont attendus dans le nord du <a href=\"https:\/\/www.huffingtonpost.fr\/international\/article\/le-royaume-uni-assure-qu-il-reconnaitra-la-palestine-sauf-si-israel-prend-certaines-mesures-a-gaza_253096.html\" target=\"_blank\" rel=\"noopener nofollow\" title=\"Nouvelle fen\u00eatre\">Royaume-Uni<\/a>, a pr\u00e9venu le Met Office, l\u2019<a href=\"https:\/\/www.huffingtonpost.fr\/international\/article\/aux-etats-unis-ce-presentateur-meteo-qui-a-ecrit-un-sms-en-direct-a-la-tele-recoit-un-soutien-massif_253227.html\" target=\"_blank\" rel=\"noopener nofollow\" title=\"Nouvelle fen\u00eatre\">agence m\u00e9t\u00e9orologique<\/a> britannique. Cit\u00e9e par plusieurs m\u00e9dias outre-Manche dont <a href=\"https:\/\/www.independent.co.uk\/weather\/storm-floris-map-weather-warning-met-office-uk-b2801113.html\" target=\"_blank\" rel=\"noopener nofollow\" title=\"Nouvelle fen\u00eatre\">The Independent<\/a>, elle alerte face aux risques de \u00ab\u00a0blessures et dangers mortels\u00a0\u00bb.<\/p>\n<p class=\"asset asset-text\">D\u2019apr\u00e8s le pr\u00e9visionniste, des \u00ab\u00a0vagues importantes\u00a0\u00bb et des \u00ab\u00a0d\u00e9bris volants\u00a0\u00bb seront \u00ab\u00a0projet\u00e9s sur le front de mer, les routes c\u00f4ti\u00e8res et les propri\u00e9t\u00e9s\u00a0\u00bb, pouvant repr\u00e9senter un danger pour les personnes. Ces conditions d\u00e9t\u00e9rior\u00e9es pourront avoir un impact sur les transports, pr\u00e9vient <a href=\"https:\/\/www.theguardian.com\/uk-news\/2025\/aug\/03\/storm-floris-met-office-amber-warning-danger-to-life-scotland-uk-weather\" target=\"_blank\" rel=\"noopener nofollow\" title=\"Nouvelle fen\u00eatre\">The Guardian<\/a>, qui souligne que la National Rail anticipe des \u00ab\u00a0restrictions de vitesse\u00a0\u00bb qui pourront \u00ab\u00a0allonger les voyages\u00a0\u00bb, quand ils ne seront pas tout simplement annul\u00e9s.<\/p>\n<p class=\"asset asset-text\">Sur son site, le <a href=\"https:\/\/weather.metoffice.gov.uk\/warnings-and-advice\/uk-warnings#?date=2025-08-04\" target=\"_blank\" rel=\"noopener nofollow\" title=\"Nouvelle fen\u00eatre\">Met Office<\/a> annonce qu\u2019une partie de l\u2019\u00c9cosse sera en vigilance orange de 10\u00a0heures \u00e0 22\u00a0heures. Le reste de l\u2019\u00c9cosse, le nord de l\u2019Angleterre et l\u2019Irlande du nord seront eux en vigilance rouge d\u00e8s 6\u00a0heures et jusqu\u2019\u00e0 la fin de la journ\u00e9e. En \u00c9cosse, des vents jusqu\u2019\u00e0 80\u00a0km\/h sont attendus avec des pics \u00e0 plus de 130\u00a0km\/h, pr\u00e9vient le Met Office.<\/p>\n<p>         <img decoding=\"async\" loading=\"lazy\" src=\"https:\/\/www.europesays.com\/fr\/wp-content\/uploads\/2025\/08\/8313c07_upload-1-90pdg8fwswxg-screenshot-2025-08-03-19-57-31.png\"  width=\"728\" height=\"722\" alt=\"Carte des vigilances m\u00e9t\u00e9o au Royaume-Uni le 4\u00a0ao\u00fbt, avec le passage de la temp\u00eate Floris.\"\/>  <\/p>\n<p>weather.metoffice.gov.uk<\/p>\n<p>Carte des vigilances m\u00e9t\u00e9o au Royaume-Uni le 4\u00a0ao\u00fbt, avec le passage de la temp\u00eate Floris.<\/p>\n<p> La lecture de ce contenu est susceptible d\u2019entra\u00eener un d\u00e9p\u00f4t de cookies de la part de l\u2019op\u00e9rateur tiers qui l\u2019h\u00e9berge. Compte-tenu des choix que vous avez exprim\u00e9s en mati\u00e8re de d\u00e9p\u00f4t de cookies, nous avons bloqu\u00e9 l\u2019affichage de ce contenu. Si vous souhaitez y acc\u00e9der, vous devez accepter la cat\u00e9gorie de cookies \u201cContenus tiers\u201d en cliquant sur le bouton ci-dessous. <\/p>\n<p> Lire la Vid\u00e9o        La France passe (presque) entre les gouttes    <\/p>\n<p class=\"asset asset-text\">Mais faut-il craindre les effets de la temp\u00eate Floris dans l\u2019Hexagone\u00a0? Pas vraiment, d\u2019apr\u00e8s le bulletin publi\u00e9 par <a href=\"https:\/\/meteofrance.com\/actualites-et-dossiers\/actualites\/meteo-des-averses-sur-le-nord-et-lest-du-pays\" target=\"_blank\" rel=\"noopener nofollow\" title=\"Nouvelle fen\u00eatre\">M\u00e9t\u00e9o-France<\/a> au d\u00e9but du week-end. \u00ab\u00a0Les passages nuageux sont plus nombreux et marge d\u2019une importante d\u00e9pression sur le nord des \u00eeles Britanniques, avec un renforcement sensible du vent\u00a0\u00bb, \u00e9crit le pr\u00e9visionniste, pr\u00e9cisant que cet impact limit\u00e9 de la temp\u00eate ne concernera que les zones \u00ab\u00a0pr\u00e8s de la Manche\u00a0et dans les Hauts-de-France\u00a0\u00bb.<\/p>\n<p class=\"asset asset-text\">Au contraire, le mercure \u00e9voluera m\u00eame \u00ab\u00a0\u00e0 la hausse\u00a0\u00bb dans \u00ab\u00a0la majeure partie du pays\u00a0\u00bb, estime M\u00e9t\u00e9o-France. Une analyse partag\u00e9e par la Cha\u00eene M\u00e9t\u00e9o qui pr\u00e9voit un mercure d\u00e9passant souvent les 30\u00a0\u00b0C dans le sud-ouest de l\u2019Hexagone, et des temp\u00e9ratures sup\u00e9rieures \u00e0 25\u00a0\u00b0C sur la quasi-totalit\u00e9 du territoire. Dans un de ses bulletins de ce dimanche, <a href=\"https:\/\/actualite.lachainemeteo.com\/actualite-meteo\/2025-08-01\/vague-de-chaleur-et-risque-de-canicule-a-quoi-s-attendre-a-partir-de-jeudi-prochain-80203\" target=\"_blank\" rel=\"noopener nofollow\" title=\"Nouvelle fen\u00eatre\">la Cha\u00eene m\u00e9t\u00e9o<\/a> pointe m\u00eame un \u00ab\u00a0risque de <a href=\"https:\/\/www.huffingtonpost.fr\/france\/article\/canicule-sante-publique-france-dresse-un-premier-bilan-sur-les-morts-en-exces-au-debut-de-l-ete_252919.html\" target=\"_blank\" rel=\"noopener nofollow\" title=\"Nouvelle fen\u00eatre\">canicule<\/a>\u00a0\u00bb et de \u00ab\u00a0vague de chaleur\u00a0\u00bb sous l\u2019influence d\u2019\u00ab\u00a0un d\u00f4me de <a href=\"https:\/\/www.huffingtonpost.fr\/environnement\/article\/en-turquie-ce-record-de-chaleur-a-plus-de-50-c-est-un-nouvel-exemple-du-rechauffement-climatique_253022.html\" target=\"_blank\" rel=\"noopener nofollow\" title=\"Nouvelle fen\u00eatre\">chaleur<\/a>\u00a0\u00bb qui va s\u2019installer sur la p\u00e9ninsule ib\u00e9rique.<\/p>\n<p class=\"asset asset-text\">Alors que les temp\u00e9ratures pourront atteindre les 45\u00a0\u00b0C en Espagne, elles augmenteront d\u00e8s lundi dans le sud-ouest de la France, o\u00f9 \u00ab\u00a0les temp\u00e9ratures pourraient franchir les 38\u00a0\u00e0 40\u00a0\u00b0C localement\u00a0\u00bb d\u00e8s la journ\u00e9e de jeudi.<\/p>\n","protected":false},"excerpt":{"rendered":"VALERY HACHE \/ AFP La temp\u00eate Floris va s\u2019abattre sur le nord de l\u2019Europe, voici \u00e0 quoi s\u2019attendre&hellip;\n","protected":false},"author":2,"featured_media":246011,"comment_status":"","ping_status":"","sticky":false,"template":"","format":"standard","meta":{"footnotes":""},"categories":[1588],"tags":[11,1777,674,27,14,2487,12,473,1853,7747,1851,1850,1852],"class_list":{"0":"post-294651","1":"post","2":"type-post","3":"status-publish","4":"format-standard","5":"has-post-thumbnail","7":"category-royaume-uni","8":"tag-actualites","9":"tag-eu","10":"tag-europe","11":"tag-france","12":"tag-international","13":"tag-meteo","14":"tag-news","15":"tag-royaume-uni","16":"tag-royaume-uni-de-grande-bretagne-et-dirlande-du-nord","17":"tag-tempete","18":"tag-uk","19":"tag-united-kingdom","20":"tag-united-kingdom-of-great-britain-and-northern-ireland"},"share_on_mastodon":{"url":"https:\/\/pubeurope.com\/@fr\/114967688351602428","error":""},"_links":{"self":[{"href":"https:\/\/www.europesays.com\/fr\/wp-json\/wp\/v2\/posts\/294651","targetHints":{"allow":["GET"]}}],"collection":[{"href":"https:\/\/www.europesays.com\/fr\/wp-json\/wp\/v2\/posts"}],"about":[{"href":"https:\/\/www.europesays.com\/fr\/wp-json\/wp\/v2\/types\/post"}],"author":[{"embeddable":true,"href":"https:\/\/www.europesays.com\/fr\/wp-json\/wp\/v2\/users\/2"}],"replies":[{"embeddable":true,"href":"https:\/\/www.europesays.com\/fr\/wp-json\/wp\/v2\/comments?post=294651"}],"version-history":[{"count":0,"href":"https:\/\/www.europesays.com\/fr\/wp-json\/wp\/v2\/posts\/294651\/revisions"}],"wp:featuredmedia":[{"embeddable":true,"href":"https:\/\/www.europesays.com\/fr\/wp-json\/wp\/v2\/media\/246011"}],"wp:attachment":[{"href":"https:\/\/www.europesays.com\/fr\/wp-json\/wp\/v2\/media?parent=294651"}],"wp:term":[{"taxonomy":"category","embeddable":true,"href":"https:\/\/www.europesays.com\/fr\/wp-json\/wp\/v2\/categories?post=294651"},{"taxonomy":"post_tag","embeddable":true,"href":"https:\/\/www.europesays.com\/fr\/wp-json\/wp\/v2\/tags?post=294651"}],"curies":[{"name":"wp","href":"https:\/\/api.w.org\/{rel}","templated":true}]}}