{"id":294659,"date":"2025-08-04T00:38:15","date_gmt":"2025-08-04T00:38:15","guid":{"rendered":"https:\/\/www.europesays.com\/fr\/294659\/"},"modified":"2025-08-04T00:38:15","modified_gmt":"2025-08-04T00:38:15","slug":"un-homme-tue-par-arme-blanche-lors-dune-soiree-danniversaire","status":"publish","type":"post","link":"https:\/\/www.europesays.com\/fr\/294659\/","title":{"rendered":"Un homme tu\u00e9 par arme blanche lors d\u2019une soir\u00e9e d\u2019anniversaire"},"content":{"rendered":"<p>La f\u00eate a d\u00e9g\u00e9n\u00e9r\u00e9. Un homme de 28 ans est d\u00e9c\u00e9d\u00e9 dans la nuit de vendredi \u00e0 samedi, \u00e0 Saint-Andr\u00e9-de-Cubzac (<a href=\"https:\/\/www.20minutes.fr\/dossier\/gironde\" target=\"_blank\" class=\"color-ultramarine c-link\" rel=\"noopener\">Gironde<\/a>), apr\u00e8s avoir \u00e9t\u00e9 bless\u00e9 par arme blanche, <a href=\"https:\/\/www.sudouest.fr\/justice\/saint-andre-de-cubzac-un-homme-tue-par-arme-blanche-au-cours-d-une-fete-entre-voisins-25459304.php\" target=\"_blank\" class=\"color-ultramarine c-link\" rel=\"noopener\">a r\u00e9v\u00e9l\u00e9 Sud Ouest<\/a>, une information confirm\u00e9e par le parquet de <a href=\"https:\/\/www.20minutes.fr\/dossier\/libourne\" target=\"_blank\" class=\"color-ultramarine c-link\" rel=\"noopener\">Libourne <\/a>samedi.<\/p>\n<p>D\u2019apr\u00e8s le minist\u00e8re public, <a href=\"https:\/\/www.leparisien.fr\/faits-divers\/un-homme-tue-a-larme-blanche-pour-avoir-demande-a-baisser-le-son-lors-dune-soiree-danniversaire-en-gironde-03-08-2025-SZGTSV7H6FEFPN7FUDIN35THB4.php\" target=\"_blank\" class=\"color-ultramarine c-link\" rel=\"noopener\">cit\u00e9 par Le Parisien<\/a>, la victime \u00ab\u00a0participait \u00e0 une soir\u00e9e d\u2019anniversaire organis\u00e9e par l\u2019un de ses voisins\u00a0\u00bb et \u00ab\u00a0aurait demand\u00e9 vers 4 heures du matin aux autres participants de faire moins de bruit, indiquant que des enfants dormaient \u00e0 proximit\u00e9\u00a0\u00bb. Une intervention qui \u00ab\u00a0aurait entra\u00een\u00e9 des insultes puis des coups\u00a0\u00bb.<\/p>\n<p>Une victime a priori sans histoire<\/p>\n<p>L\u2019homme, retrouv\u00e9 gravement bless\u00e9 de plusieurs coups par arme blanche dans la rue, d\u2019apr\u00e8s Sud Ouest, est \u00ab\u00a0[d\u00e9c\u00e9d\u00e9] rapidement sur les lieux en d\u00e9pit des efforts effectu\u00e9s pour [le] r\u00e9animer\u00a0\u00bb, pr\u00e9cise le parquet. Dans le quartier, la victime est pr\u00e9sent\u00e9e comme sans histoire et \u00ab\u00a0appr\u00e9ci\u00e9[e] de tous\u00a0\u00bb<\/p>\n<p>Le parquet de Libourne a ouvert une enqu\u00eate pour <a href=\"https:\/\/www.20minutes.fr\/dossier\/meurtre\" target=\"_blank\" class=\"color-ultramarine c-link\" rel=\"noopener\">meurtre<\/a>, \u00ab\u00a0confi\u00e9e \u00e0 la brigade de recherches de gendarmerie de Blaye, avec l\u2019appui de la section de recherches de <a href=\"https:\/\/www.20minutes.fr\/bordeaux\/\" target=\"_blank\" class=\"color-ultramarine c-link\" rel=\"noopener\">Bordeaux\u00a0<\/a>\u00bb.<\/p>\n","protected":false},"excerpt":{"rendered":"La f\u00eate a d\u00e9g\u00e9n\u00e9r\u00e9. Un homme de 28 ans est d\u00e9c\u00e9d\u00e9 dans la nuit de vendredi \u00e0 samedi,&hellip;\n","protected":false},"author":2,"featured_media":294660,"comment_status":"","ping_status":"","sticky":false,"template":"","format":"standard","meta":{"footnotes":""},"categories":[2],"tags":[47,11,3177,1997,7623,1067,118,1011,27,2905,777,12,2219,25,953],"class_list":{"0":"post-294659","1":"post","2":"type-post","3":"status-publish","4":"format-standard","5":"has-post-thumbnail","7":"category-actualites","8":"tag-actualite","9":"tag-actualites","10":"tag-aquitaine","11":"tag-bordeaux","12":"tag-coup-de-couteau","13":"tag-enquete","14":"tag-faits-divers","15":"tag-fr","16":"tag-france","17":"tag-gironde","18":"tag-meurtre","19":"tag-news","20":"tag-nouvelle-aquitaine","21":"tag-republique-francaise","22":"tag-soiree"},"share_on_mastodon":{"url":"https:\/\/pubeurope.com\/@fr\/114967708028964923","error":""},"_links":{"self":[{"href":"https:\/\/www.europesays.com\/fr\/wp-json\/wp\/v2\/posts\/294659","targetHints":{"allow":["GET"]}}],"collection":[{"href":"https:\/\/www.europesays.com\/fr\/wp-json\/wp\/v2\/posts"}],"about":[{"href":"https:\/\/www.europesays.com\/fr\/wp-json\/wp\/v2\/types\/post"}],"author":[{"embeddable":true,"href":"https:\/\/www.europesays.com\/fr\/wp-json\/wp\/v2\/users\/2"}],"replies":[{"embeddable":true,"href":"https:\/\/www.europesays.com\/fr\/wp-json\/wp\/v2\/comments?post=294659"}],"version-history":[{"count":0,"href":"https:\/\/www.europesays.com\/fr\/wp-json\/wp\/v2\/posts\/294659\/revisions"}],"wp:featuredmedia":[{"embeddable":true,"href":"https:\/\/www.europesays.com\/fr\/wp-json\/wp\/v2\/media\/294660"}],"wp:attachment":[{"href":"https:\/\/www.europesays.com\/fr\/wp-json\/wp\/v2\/media?parent=294659"}],"wp:term":[{"taxonomy":"category","embeddable":true,"href":"https:\/\/www.europesays.com\/fr\/wp-json\/wp\/v2\/categories?post=294659"},{"taxonomy":"post_tag","embeddable":true,"href":"https:\/\/www.europesays.com\/fr\/wp-json\/wp\/v2\/tags?post=294659"}],"curies":[{"name":"wp","href":"https:\/\/api.w.org\/{rel}","templated":true}]}}