{"id":29467,"date":"2025-04-16T15:21:42","date_gmt":"2025-04-16T15:21:42","guid":{"rendered":"https:\/\/www.europesays.com\/fr\/29467\/"},"modified":"2025-04-16T15:21:42","modified_gmt":"2025-04-16T15:21:42","slug":"sept-etudiants-de-lecole-de-kine-rouennaise-montent-une-association-pour-renover-des-ecoles-en-tanzanie","status":"publish","type":"post","link":"https:\/\/www.europesays.com\/fr\/29467\/","title":{"rendered":"Sept \u00e9tudiants de l\u2019\u00e9cole de kin\u00e9 rouennaise montent une association pour r\u00e9nover des \u00e9coles en Tanzanie"},"content":{"rendered":"<p>            Par<br \/>\n        <strong><br \/>\n            <a href=\"https:\/\/actu.fr\/auteur\/chloe-bachellet\" title=\"Consulter tous les articles de Chloe Bachelet\" target=\"_blank\" rel=\"noopener\">Chloe Bachelet<\/a><br \/>\n        <\/strong><\/p>\n<p>        Publi\u00e9 le<\/p>\n<p>            11 avr. 2025 \u00e0 18h12        <\/p>\n<p>Julien Tribouillard, Lilas Martin, Ombeline Labat, Anja Marie, Louane Givry, Ma\u00efna H\u00e9richer et Martin Boucher, sept \u00e9tudiants en deuxi\u00e8me ann\u00e9e \u00e0 l\u2019\u00e9cole de masso-kin\u00e9sith\u00e9rapie de Rouen se sont lanc\u00e9s dans une aventure qui promet de <b>rester grav\u00e9e dans leurs m\u00e9moires.<\/b><\/p>\n<p class=\" wall-content\">En octobre\u00a02024,<b> ils ont cr\u00e9\u00e9 une association de solidarit\u00e9 internationale<\/b>, \u00ab<a href=\"https:\/\/linktr.ee\/AssociationKineMandjaro?utm_source=qr_code\" target=\"_blank\" rel=\"noopener\">\u2009Kin\u00e9\u2019Mandjaro<\/a>\u2009\u00bb pour <b>venir en aide aux enfants de la r\u00e9gion du Kilimandjaro en Tanzanie.<\/b><\/p>\n<p>R\u00e9nover des salles de classe<\/p>\n<p class=\" wall-content\">Pour leurs premi\u00e8res actions de solidarit\u00e9, les membres de l\u2019association se sont fix\u00e9 trois objectifs\u2009:<b> la r\u00e9novation de salles de classe, la sensibilisation aux enjeux de sant\u00e9, et faire d\u00e9couvrir la culture Fran\u00e7aise.<\/b><\/p>\n<p class=\" wall-content\">\u00ab\u2009Nous voulons nous centrer sur trois missions claires pour faire un travail efficace et de qualit\u00e9\u2009\u00bb, indique Martin Boucher, le responsable du p\u00f4le partenariats de l\u2019association, qui est originaire de <a href=\"https:\/\/actu.fr\/normandie\/bellencombre_76070\" target=\"_blank\" rel=\"noopener\">Bellencombre,<\/a> en <b>Seine-Maritime<\/b>.<\/p>\n<p class=\" wall-content\">Du sol au plafond, les b\u00e9n\u00e9voles esp\u00e8rent avoir les ressources financi\u00e8res n\u00e9cessaires<b> pour r\u00e9nover \u00ab\u2009au moins une salle de classe\u2009\u00bb<\/b>. Ils esp\u00e8rent m\u00eame aller plus loin en<b> achetant du mobilier.<\/b><\/p>\n<p class=\" wall-content\">Mais les travaux \u00e9tant on\u00e9reux, ils ont d\u00fb faire le choix d\u2019une seule \u00e9cole qui b\u00e9n\u00e9ficierait de cette r\u00e9novation. Et leur choix s\u2019est port\u00e9 sur l\u2019\u00e9cole primaire de Mbokomu.<\/p>\n<p>Vid\u00e9os : en ce moment sur Actu<\/p>\n<p class=\" wall-content\">\u00ab\u2009Il s\u2019agit de l\u2019\u00e9cole primaire o\u00f9 \u00e9tait scolaris\u00e9e Sarah Marchand, le pr\u00e9sident de l\u2019association \u2018<a href=\"https:\/\/www.helloasso.com\/associations\/education-pour-le-kilimanjaro\" target=\"_blank\" rel=\"noopener\">\u00c9ducation pour le Kilimandjaro<\/a>\u2018, notre contact sur place\u2009\u00bb, explique le Bellencombrais.<\/p>\n<p>Sensibiliser aux enjeux de sant\u00e9<\/p>\n<p class=\" wall-content\">Apr\u00e8s avoir mis la main \u00e0 la p\u00e2te pour les travaux de r\u00e9novation durant les premiers jours de leur voyage, qui se d\u00e9roulera du 9 au 30\u00a0juillet 2025, les membres de l\u2019association ont pr\u00e9vu de se rendre aupr\u00e8s d\u2019enfants d\u2019autres \u00e9coles primaires et coll\u00e8ge de Mbokomu, Kiwalaa et Neville afin de <b>sensibiliser aux enjeux de sant\u00e9.<\/b><\/p>\n<p class=\" wall-content\">Au programme\u2009: <b>organiser des ateliers sur l\u2019hygi\u00e8ne et de pr\u00e9vention des pathologies <\/b>comme le paludisme, <b>former aux gestes de premiers secours.<\/b> \u00ab\u2009Nous souhaitons <b>r\u00e9pondre aux probl\u00e9matiques locales<\/b>\u2009\u00bb, d\u00e9taille Martin Boucher.<\/p>\n<p class=\" wall-content\">Enfin, le troisi\u00e8me objectif des b\u00e9n\u00e9voles de <a href=\"https:\/\/www.facebook.com\/profile.php?id=61567640374201\" target=\"_blank\" rel=\"noopener\">Kin\u00e9\u2019Mandjaro<\/a> est de<b> faire d\u00e9couvrir la culture Fran\u00e7aise aux \u00e9l\u00e8ves<\/b>. \u00ab\u2009Nous voulons instaurer une dynamique interculturelle avec un partage de nos diff\u00e9rentes cultures et langues. Nous voyons cela comme un r\u00e9el \u00e9change\u2009\u00bb, explique-t-il.<\/p>\n<p>Plusieurs actions pour financer le projet<\/p>\n<p class=\" wall-content\">Mais l\u2019int\u00e9gralit\u00e9 de ce projet a un co\u00fbt, alors les \u00e9tudiants <b>se mobilisent pour trouver des fonds<\/b>\u2009: soir\u00e9e jeux de soci\u00e9t\u00e9, <a href=\"https:\/\/www.helloasso.com\/associations\/kine-mandjaro\/formulaires\/1\" target=\"_blank\" rel=\"noopener\">appel aux dons<\/a>, tombola, demande de subvention, vente de g\u00e2teaux\u2026<\/p>\n<p class=\" wall-content\">La municipalit\u00e9 de Bellencombre leur a accord\u00e9 une subvention de 300\u00a0\u20ac et celle de Catenay de 200\u00a0\u20ac. Celles demand\u00e9es \u00e0 l\u2019universit\u00e9 de Rouen et au <a href=\"https:\/\/www.seinemaritime.fr\/aides-et-demarches\/projet-jeunes76\/\" target=\"_blank\" rel=\"noopener\">Projet Jeunes 76,<\/a> les plus cons\u00e9quentes, sont encore en attente.<\/p>\n<p class=\" wall-content\"><a href=\"https:\/\/docs.google.com\/forms\/d\/e\/1FAIpQLSclR7We99iZzNzNCciCQh8DUg8ANbc3Lch9O5aIUdebETv_zw\/viewform\" target=\"_blank\" rel=\"noopener\">Leur tombola<\/a>, qu\u2019ils ont cr\u00e9\u00e9e en ligne pour n\u2019exclure personne, se termine le 21\u00a0avril 2025. \u00ab\u2009Nous avons fait des partenariats avec des commerces locaux pour les prix \u00e0 remporter, fait savoir Martin Boucher. Des nombreux lots, donn\u00e9s par ces commer\u00e7ants sont \u00e0 gagner.\u2009\u00bb<\/p>\n<p>Un accompagnement local<\/p>\n<p class=\" wall-content\">Si les futurs kin\u00e9sith\u00e9rapeutes ont choisi la Tanzanie, ce n\u2019est pas un hasard. Lilas, la secr\u00e9taire de l\u2019association, \u00e9tait d\u00e9j\u00e0 en contact avec Sarah et Gabriel Marchand, les cr\u00e9ateurs de l\u2019association \u00ab\u2009\u00c9ducation pour le Kilimandjaro\u2009\u00bb, leurs contacts sur place.<\/p>\n<p class=\" wall-content\">Son p\u00e8re \u00e9tait lui aussi b\u00e9n\u00e9vole dans une association, \u00c9ducation 76, qui a \u0153uvr\u00e9 en Tanzanie, b\u00e9n\u00e9ficiant de l\u2019accompagnement de l\u2019association Tanzanienne.<\/p>\n<p class=\" wall-content\">\u00ab\u2009<b>C\u2019est une aide non n\u00e9gligeable que d\u2019\u00eatre \u00e9paul\u00e9 par Sarah et Gabriel pour organiser notre voyage, ils nous aident pour les budgets, les devis, la logistique\u2009<\/b>\u00bb, d\u00e9taille Martin Boucher.<\/p>\n<p class=\" wall-content\">Malgr\u00e9 tout, il ne reste que quelques mois aux \u00e9tudiants pour boucler leur budget, leur projet et leur valise et <b>partir \u00e0 la rencontre des jeunes Tanzaniens.<\/b><\/p>\n<p class=\" wall-content\">Suivez toute l\u2019actualit\u00e9 de vos villes et m\u00e9dias favoris en vous inscrivant \u00e0 <a href=\"https:\/\/moncompte.actu.fr\" title=\"D\u00e9couvez Mon Actu\" rel=\"nofollow noopener\" data-trk=\"{&quot;cta&quot;:{&quot;action&quot;:&quot;https:\\\/\\\/moncompte.actu.fr&quot;,&quot;category&quot;:&quot;mon compte&quot;,&quot;from&quot;:&quot;article footer&quot;,&quot;name&quot;:&quot;Mon actu&quot;,&quot;type&quot;:&quot;cta&quot;}}\" target=\"_blank\">Mon Actu<\/a>.<\/p>\n","protected":false},"excerpt":{"rendered":"Par Chloe Bachelet Publi\u00e9 le 11 avr. 2025 \u00e0 18h12 Julien Tribouillard, Lilas Martin, Ombeline Labat, Anja Marie,&hellip;\n","protected":false},"author":2,"featured_media":29468,"comment_status":"","ping_status":"","sticky":false,"template":"","format":"standard","meta":{"footnotes":""},"categories":[9587],"tags":[1111,11,10263,1777,674,1011,27,10264,12,5161,10175,25,9590,104],"class_list":{"0":"post-29467","1":"post","2":"type-post","3":"status-publish","4":"format-standard","5":"has-post-thumbnail","7":"category-rouen","8":"tag-actu","9":"tag-actualites","10":"tag-benevolat","11":"tag-eu","12":"tag-europe","13":"tag-fr","14":"tag-france","15":"tag-humanitaire","16":"tag-news","17":"tag-normandie","18":"tag-pays-de-bray","19":"tag-republique-francaise","20":"tag-rouen","21":"tag-societe"},"share_on_mastodon":{"url":"https:\/\/pubeurope.com\/@fr\/114348325793111078","error":""},"_links":{"self":[{"href":"https:\/\/www.europesays.com\/fr\/wp-json\/wp\/v2\/posts\/29467","targetHints":{"allow":["GET"]}}],"collection":[{"href":"https:\/\/www.europesays.com\/fr\/wp-json\/wp\/v2\/posts"}],"about":[{"href":"https:\/\/www.europesays.com\/fr\/wp-json\/wp\/v2\/types\/post"}],"author":[{"embeddable":true,"href":"https:\/\/www.europesays.com\/fr\/wp-json\/wp\/v2\/users\/2"}],"replies":[{"embeddable":true,"href":"https:\/\/www.europesays.com\/fr\/wp-json\/wp\/v2\/comments?post=29467"}],"version-history":[{"count":0,"href":"https:\/\/www.europesays.com\/fr\/wp-json\/wp\/v2\/posts\/29467\/revisions"}],"wp:featuredmedia":[{"embeddable":true,"href":"https:\/\/www.europesays.com\/fr\/wp-json\/wp\/v2\/media\/29468"}],"wp:attachment":[{"href":"https:\/\/www.europesays.com\/fr\/wp-json\/wp\/v2\/media?parent=29467"}],"wp:term":[{"taxonomy":"category","embeddable":true,"href":"https:\/\/www.europesays.com\/fr\/wp-json\/wp\/v2\/categories?post=29467"},{"taxonomy":"post_tag","embeddable":true,"href":"https:\/\/www.europesays.com\/fr\/wp-json\/wp\/v2\/tags?post=29467"}],"curies":[{"name":"wp","href":"https:\/\/api.w.org\/{rel}","templated":true}]}}